{"id":64,"date":"2020-03-05T21:52:55","date_gmt":"2020-03-05T20:52:55","guid":{"rendered":"https:\/\/www.mystisch.net\/blog\/?p=64"},"modified":"2025-04-02T21:15:24","modified_gmt":"2025-04-02T19:15:24","slug":"gruess-gott-servus-habe-die-ehre-was-ist-mystisch-net","status":"publish","type":"post","link":"https:\/\/www.mystisch.net\/blog\/gruess-gott-servus-habe-die-ehre-was-ist-mystisch-net\/","title":{"rendered":"Gr\u00fc\u00df Gott, Servus, habe die Ehre! Was ist mystisch.net?"},"content":{"rendered":"<p><img loading=\"lazy\" decoding=\"async\" class=\"size-full wp-image-69\" src=\"https:\/\/www.mystisch.net\/blog\/wp-content\/uploads\/2020\/03\/mystisch_hp.png\" alt=\"mystisch.net Banner\" width=\"640\" height=\"80\" srcset=\"https:\/\/www.mystisch.net\/blog\/wp-content\/uploads\/2020\/03\/mystisch_hp.png 640w, https:\/\/www.mystisch.net\/blog\/wp-content\/uploads\/2020\/03\/mystisch_hp-300x38.png 300w\" sizes=\"auto, (max-width: 640px) 100vw, 640px\" \/><\/p>\n<p>Manche d\u00fcrften sich fragen, was mit mir passiert sei. Ist er jetzt unter die Esoteriker gegangen? Nein, bin ich nicht. Aber ich habe einen Ableger zu meiner inzwischen eingestellten Neuperlacher Stadtteilseite ins Leben gerufen.<\/p>\n<figure id=\"attachment_66\" aria-describedby=\"caption-attachment-66\" style=\"width: 300px\" class=\"wp-caption alignleft\"><a href=\"https:\/\/www.mystisch.net\/blog\/wp-content\/uploads\/2020\/03\/forest-4270587_1920.jpg\"><img loading=\"lazy\" decoding=\"async\" class=\"size-medium wp-image-66\" src=\"https:\/\/www.mystisch.net\/blog\/wp-content\/uploads\/2020\/03\/forest-4270587_1920-300x225.jpg\" alt=\"Mystery\" width=\"300\" height=\"225\" srcset=\"https:\/\/www.mystisch.net\/blog\/wp-content\/uploads\/2020\/03\/forest-4270587_1920-300x225.jpg 300w, https:\/\/www.mystisch.net\/blog\/wp-content\/uploads\/2020\/03\/forest-4270587_1920-1024x768.jpg 1024w, https:\/\/www.mystisch.net\/blog\/wp-content\/uploads\/2020\/03\/forest-4270587_1920-768x576.jpg 768w, https:\/\/www.mystisch.net\/blog\/wp-content\/uploads\/2020\/03\/forest-4270587_1920-1536x1152.jpg 1536w, https:\/\/www.mystisch.net\/blog\/wp-content\/uploads\/2020\/03\/forest-4270587_1920-1200x900.jpg 1200w, https:\/\/www.mystisch.net\/blog\/wp-content\/uploads\/2020\/03\/forest-4270587_1920.jpg 1920w\" sizes=\"auto, (max-width: 300px) 100vw, 300px\" \/><\/a><figcaption id=\"caption-attachment-66\" class=\"wp-caption-text\">Lizenz: Public Domain<\/figcaption><\/figure>\n<p>Dabei war meine Idee, eine Schiene weiterzuf\u00fchren, die ich im Rahmen dieser Berichterstattung gemacht habe, die aber mit Neuperlach praktisch nichts zu tun hatte: die mystischen Orte.<\/p>\n<p>Die bereits vorhandenen Artikel sollen hier eingepflegt werden. Gleichzeitig \u2013 und das ist der Clou \u2013 kommen nat\u00fcrlich neue Berichte. Der erste Bericht ist bereits fertig: <a href=\"https:\/\/www.mystisch.net\/blog\/kreuzweg-berg-am-laim\/\">Einer der letzten Kreuzwege M\u00fcnchens: verfallen, nicht zug\u00e4nglich \u2013 eine Schande!<\/a><\/p>\n<figure id=\"attachment_46\" aria-describedby=\"caption-attachment-46\" style=\"width: 300px\" class=\"wp-caption alignright\"><a href=\"https:\/\/www.mystisch.net\/blog\/wp-content\/uploads\/2020\/03\/IMG_2812.jpg\"><img loading=\"lazy\" decoding=\"async\" class=\"size-medium wp-image-46\" src=\"https:\/\/www.mystisch.net\/blog\/wp-content\/uploads\/2020\/03\/IMG_2812-300x216.jpg\" alt=\"St. Michael (Berg am Laim)\" width=\"300\" height=\"216\" srcset=\"https:\/\/www.mystisch.net\/blog\/wp-content\/uploads\/2020\/03\/IMG_2812-300x216.jpg 300w, https:\/\/www.mystisch.net\/blog\/wp-content\/uploads\/2020\/03\/IMG_2812-1024x737.jpg 1024w, https:\/\/www.mystisch.net\/blog\/wp-content\/uploads\/2020\/03\/IMG_2812-768x552.jpg 768w, https:\/\/www.mystisch.net\/blog\/wp-content\/uploads\/2020\/03\/IMG_2812-1536x1105.jpg 1536w, https:\/\/www.mystisch.net\/blog\/wp-content\/uploads\/2020\/03\/IMG_2812-1200x863.jpg 1200w, https:\/\/www.mystisch.net\/blog\/wp-content\/uploads\/2020\/03\/IMG_2812.jpg 1920w\" sizes=\"auto, (max-width: 300px) 100vw, 300px\" \/><\/a><figcaption id=\"caption-attachment-46\" class=\"wp-caption-text\">Kirchenarchitektur ist auch ein Thema. Hier: St. Michael (Berg am Laim<\/figcaption><\/figure>\n<p>Was sind mystische Orte? Nach meinem Verst\u00e4ndnis sind es Orte, die irgendeinen Bezug zum Unerkl\u00e4rbaren, zu Religionen, zum Tod haben. Damit meine ich Kirchen, Kapellen, Mariengrotten, Friedh\u00f6fe, Kreuzwege, Heilquellen, aber auch Lost Places und noch mehr. Kurzum geh\u00f6ren da auch die Bereiche Mystery, PSI dazu oder wie immer man das nennen will.<\/p>\n<h4>mystisch.net \u2013 die kritische, aber nicht generell ablehnende Mystery-Seite<\/h4>\n<p>Ich selbst bin Atheist und ein Mann der Wissenschaft. Aber, ich gebe zu, mich interessieren die Themen, weil sie m.E. zu den letzten Gebieten geh\u00f6ren, die noch nicht hinreichend erforscht sind. Dabei bin ich bei angeblichen Spukf\u00e4llen, Erscheinungen, Wundern und Vergleichbarem \u00e4u\u00dferst kritisch. Ebenso bei allen Themen, die hier verwandt sind, das hei\u00dft dem Paranormalen und der Parapsychologie.<\/p>\n<figure id=\"attachment_68\" aria-describedby=\"caption-attachment-68\" style=\"width: 300px\" class=\"wp-caption alignleft\"><a href=\"https:\/\/www.mystisch.net\/blog\/wp-content\/uploads\/2020\/03\/IMG_4097.jpg\"><img loading=\"lazy\" decoding=\"async\" class=\"wp-image-68 size-medium\" src=\"https:\/\/www.mystisch.net\/blog\/wp-content\/uploads\/2020\/03\/IMG_4097-300x200.jpg\" alt=\"Mariengrotte Truderinger Wald\" width=\"300\" height=\"200\" srcset=\"https:\/\/www.mystisch.net\/blog\/wp-content\/uploads\/2020\/03\/IMG_4097-300x200.jpg 300w, https:\/\/www.mystisch.net\/blog\/wp-content\/uploads\/2020\/03\/IMG_4097-1024x683.jpg 1024w, https:\/\/www.mystisch.net\/blog\/wp-content\/uploads\/2020\/03\/IMG_4097-768x512.jpg 768w, https:\/\/www.mystisch.net\/blog\/wp-content\/uploads\/2020\/03\/IMG_4097-1536x1024.jpg 1536w, https:\/\/www.mystisch.net\/blog\/wp-content\/uploads\/2020\/03\/IMG_4097-1200x800.jpg 1200w, https:\/\/www.mystisch.net\/blog\/wp-content\/uploads\/2020\/03\/IMG_4097.jpg 1920w\" sizes=\"auto, (max-width: 300px) 100vw, 300px\" \/><\/a><figcaption id=\"caption-attachment-68\" class=\"wp-caption-text\">Mariengrotten (hier im Truderinger Wald in M\u00fcnchen) geh\u00f6ren auch zum Repertoire<\/figcaption><\/figure>\n<p>Ich will hier aber nicht nur Mystery-Begeisterte ansprechen, sondern auch Menschen, die mit den eigentlichen Themen und den Geschichten nichts anfangen k\u00f6nnen, aber vielleicht besondere, mystische Orte aufsuchen m\u00f6chten \u2013 nicht wegen der Legenden, sondern ausschlie\u00dflich wegen der Architektur, Natur und Atmosph\u00e4re. Der Fokus liegt auf Orte im Gro\u00dfraum M\u00fcnchen, weil diese f\u00fcr mich am einfachsten zu erreichen sind. Ich will ja vor Ort berichten!<\/p>\n<p>Aber auch Forschungen im PSI-Bereich k\u00f6nnen ein Thema sein. Es m\u00fcssen nicht also immer Orte sein, um die es sich hier dreht. Grunds\u00e4tzlich gibt es da keine Tabus. Nur die notwendige Kritikf\u00e4higkeit will und werde ich mir bewahren.<\/p>\n","protected":false},"excerpt":{"rendered":"<p>Manche d\u00fcrften sich fragen, was mit mir passiert sei. Ist er jetzt unter die Esoteriker gegangen? Nein, bin ich nicht. Aber ich habe einen Ableger zu meiner inzwischen eingestellten Neuperlacher Stadtteilseite ins Leben gerufen. Dabei war meine Idee, eine Schiene weiterzuf\u00fchren, die ich im Rahmen dieser Berichterstattung gemacht habe, die aber mit Neuperlach praktisch nichts [&hellip;]<\/p>\n","protected":false},"author":1,"featured_media":0,"comment_status":"open","ping_status":"open","sticky":false,"template":"","format":"standard","meta":{"footnotes":""},"categories":[27],"tags":[28],"class_list":["post-64","post","type-post","status-publish","format-standard","hentry","category-in-eigener-sache","tag-in-eigener-sache"],"_links":{"self":[{"href":"https:\/\/www.mystisch.net\/blog\/wp-json\/wp\/v2\/posts\/64","targetHints":{"allow":["GET"]}}],"collection":[{"href":"https:\/\/www.mystisch.net\/blog\/wp-json\/wp\/v2\/posts"}],"about":[{"href":"https:\/\/www.mystisch.net\/blog\/wp-json\/wp\/v2\/types\/post"}],"author":[{"embeddable":true,"href":"https:\/\/www.mystisch.net\/blog\/wp-json\/wp\/v2\/users\/1"}],"replies":[{"embeddable":true,"href":"https:\/\/www.mystisch.net\/blog\/wp-json\/wp\/v2\/comments?post=64"}],"version-history":[{"count":0,"href":"https:\/\/www.mystisch.net\/blog\/wp-json\/wp\/v2\/posts\/64\/revisions"}],"wp:attachment":[{"href":"https:\/\/www.mystisch.net\/blog\/wp-json\/wp\/v2\/media?parent=64"}],"wp:term":[{"taxonomy":"category","embeddable":true,"href":"https:\/\/www.mystisch.net\/blog\/wp-json\/wp\/v2\/categories?post=64"},{"taxonomy":"post_tag","embeddable":true,"href":"https:\/\/www.mystisch.net\/blog\/wp-json\/wp\/v2\/tags?post=64"}],"curies":[{"name":"wp","href":"https:\/\/api.w.org\/{rel}","templated":true}]}}