{"id":691,"date":"2022-05-06T12:11:30","date_gmt":"2022-05-06T10:11:30","guid":{"rendered":"https:\/\/www.mystisch.net\/blog\/?p=691"},"modified":"2026-01-29T17:47:44","modified_gmt":"2026-01-29T16:47:44","slug":"waldperlach","status":"publish","type":"post","link":"https:\/\/www.mystisch.net\/blog\/waldperlach\/","title":{"rendered":"Erz\u00e4hl doch keine M\u00e4rchen! (Waldperlach)"},"content":{"rendered":"<figure id=\"attachment_1087\" aria-describedby=\"caption-attachment-1087\" style=\"width: 580px\" class=\"wp-caption alignnone\"><a href=\"https:\/\/www.mystisch.net\/blog\/wp-content\/uploads\/2022\/05\/Maerchenwaldperlach.jpg\"><img loading=\"lazy\" decoding=\"async\" class=\"wp-image-1087 size-large\" src=\"https:\/\/www.mystisch.net\/blog\/wp-content\/uploads\/2022\/05\/Maerchenwaldperlach-1024x683.jpg\" alt=\"M\u00e4rchenwaldperlach\" width=\"580\" height=\"387\" srcset=\"https:\/\/www.mystisch.net\/blog\/wp-content\/uploads\/2022\/05\/Maerchenwaldperlach-1024x683.jpg 1024w, https:\/\/www.mystisch.net\/blog\/wp-content\/uploads\/2022\/05\/Maerchenwaldperlach-300x200.jpg 300w, https:\/\/www.mystisch.net\/blog\/wp-content\/uploads\/2022\/05\/Maerchenwaldperlach-768x512.jpg 768w, https:\/\/www.mystisch.net\/blog\/wp-content\/uploads\/2022\/05\/Maerchenwaldperlach-1200x800.jpg 1200w, https:\/\/www.mystisch.net\/blog\/wp-content\/uploads\/2022\/05\/Maerchenwaldperlach.jpg 1344w\" sizes=\"auto, (max-width: 580px) 100vw, 580px\" \/><\/a><figcaption id=\"caption-attachment-1087\" class=\"wp-caption-text\">Der wohl m\u00e4rchenhafteste Stadtteil M\u00fcnchens<\/figcaption><\/figure>\n<figure id=\"attachment_692\" aria-describedby=\"caption-attachment-692\" style=\"width: 300px\" class=\"wp-caption alignleft\"><a href=\"https:\/\/www.mystisch.net\/blog\/wp-content\/uploads\/2022\/05\/4860319802_36d2206009_b1.jpg\"><img loading=\"lazy\" decoding=\"async\" class=\"size-medium wp-image-692\" src=\"https:\/\/www.mystisch.net\/blog\/wp-content\/uploads\/2022\/05\/4860319802_36d2206009_b1-300x274.jpg\" alt=\"Frau-Holle-Stra\u00dfe\" width=\"300\" height=\"274\" srcset=\"https:\/\/www.mystisch.net\/blog\/wp-content\/uploads\/2022\/05\/4860319802_36d2206009_b1-300x274.jpg 300w, https:\/\/www.mystisch.net\/blog\/wp-content\/uploads\/2022\/05\/4860319802_36d2206009_b1-768x701.jpg 768w, https:\/\/www.mystisch.net\/blog\/wp-content\/uploads\/2022\/05\/4860319802_36d2206009_b1.jpg 1024w\" sizes=\"auto, (max-width: 300px) 100vw, 300px\" \/><\/a><figcaption id=\"caption-attachment-692\" class=\"wp-caption-text\">Einfach m\u00e4rchenhaft (04.08.2010) \u00a9 Thomas Irlbeck<\/figcaption><\/figure>\n<figure id=\"attachment_705\" aria-describedby=\"caption-attachment-705\" style=\"width: 217px\" class=\"wp-caption alignright\"><a href=\"https:\/\/www.mystisch.net\/blog\/wp-content\/uploads\/2022\/05\/Schneewittchen2.jpg\"><img loading=\"lazy\" decoding=\"async\" class=\"size-medium wp-image-705\" src=\"https:\/\/www.mystisch.net\/blog\/wp-content\/uploads\/2022\/05\/Schneewittchen2-217x300.jpg\" alt=\"Schneewittchen im Glassarg\" width=\"217\" height=\"300\" srcset=\"https:\/\/www.mystisch.net\/blog\/wp-content\/uploads\/2022\/05\/Schneewittchen2-217x300.jpg 217w, https:\/\/www.mystisch.net\/blog\/wp-content\/uploads\/2022\/05\/Schneewittchen2-742x1024.jpg 742w, https:\/\/www.mystisch.net\/blog\/wp-content\/uploads\/2022\/05\/Schneewittchen2-768x1060.jpg 768w, https:\/\/www.mystisch.net\/blog\/wp-content\/uploads\/2022\/05\/Schneewittchen2-1113x1536.jpg 1113w, https:\/\/www.mystisch.net\/blog\/wp-content\/uploads\/2022\/05\/Schneewittchen2-1484x2048.jpg 1484w, https:\/\/www.mystisch.net\/blog\/wp-content\/uploads\/2022\/05\/Schneewittchen2-1200x1656.jpg 1200w, https:\/\/www.mystisch.net\/blog\/wp-content\/uploads\/2022\/05\/Schneewittchen2.jpg 1855w\" sizes=\"auto, (max-width: 217px) 100vw, 217px\" \/><\/a><figcaption id=\"caption-attachment-705\" class=\"wp-caption-text\">Schneewittchen im Glassarg. Lizenz: Public Domain<\/figcaption><\/figure>\n<p>Dies ist ein Artikel, den ich vor Jahren geschrieben habe. Ich finde die Stra\u00dfennamen Waldperlachs so bemerkenswert, dass in den Artikel bei dieser Gelegenheit etwas aufgeh\u00fcbscht habe.<\/p>\n<p>Es war einmal \u2026 Nein, den Stadtteil gibt es immer noch. Die Rede ist vom wohl m\u00e4rchenhaftesten Stadtteil M\u00fcnchens: Waldperlach. Die Stra\u00dfen hei\u00dfen dort<\/p>\n<table width=\"100%\">\n<tbody>\n<tr>\n<td>\n<ul>\n<li>Aschenbr\u00f6delstra\u00dfe<\/li>\n<li>D\u00e4umlingstra\u00dfe<\/li>\n<li>Dornr\u00f6schenstra\u00dfe<\/li>\n<li>Drosselbartstra\u00dfe<\/li>\n<li>Elfenstra\u00dfe<\/li>\n<li>Erlk\u00f6nigstra\u00dfe<\/li>\n<li>Eulenspiegelstra\u00dfe<\/li>\n<li>Frau-Holle-Stra\u00dfe<\/li>\n<li>Froschk\u00f6nigweg<\/li>\n<li>G\u00e4nselieselstra\u00dfe<\/li>\n<li>Heinzelm\u00e4nnchenstra\u00dfe<\/li>\n<li>Isegrimstra\u00dfe<\/li>\n<\/ul>\n<\/td>\n<td>\n<ul>\n<li>Koboldstra\u00dfe<\/li>\n<li>M\u00e4rchenweg<\/li>\n<li>Nixenweg<\/li>\n<li>Puppenweg*<\/li>\n<li>Robinsonstra\u00dfe**<\/li>\n<li>Rotk\u00e4ppchenplatz<\/li>\n<li>Rotk\u00e4ppchenstra\u00dfe<\/li>\n<li>R\u00fcbezahlstra\u00dfe<\/li>\n<li>Rumpelstilzchenstra\u00dfe<\/li>\n<li>Schneewittchenstra\u00dfe<\/li>\n<li>Sterntalerstra\u00dfe<\/li>\n<li>Struwelpeterstra\u00dfe<\/li>\n<\/ul>\n<\/td>\n<\/tr>\n<\/tbody>\n<\/table>\n<p><small>* gemeint ist das Marionetten-, Puppen- oder Kasperlspiel<br \/>\n** gemeint ist Robinson Crusoe<\/small><\/p>\n<figure id=\"attachment_696\" aria-describedby=\"caption-attachment-696\" style=\"width: 225px\" class=\"wp-caption alignright\"><a href=\"https:\/\/www.mystisch.net\/blog\/wp-content\/uploads\/2022\/05\/169035246_f986732018_b1.jpg\"><img loading=\"lazy\" decoding=\"async\" class=\"size-medium wp-image-696\" src=\"https:\/\/www.mystisch.net\/blog\/wp-content\/uploads\/2022\/05\/169035246_f986732018_b1-225x300.jpg\" alt=\"Frau Holle\" width=\"225\" height=\"300\" srcset=\"https:\/\/www.mystisch.net\/blog\/wp-content\/uploads\/2022\/05\/169035246_f986732018_b1-225x300.jpg 225w, https:\/\/www.mystisch.net\/blog\/wp-content\/uploads\/2022\/05\/169035246_f986732018_b1.jpg 768w\" sizes=\"auto, (max-width: 225px) 100vw, 225px\" \/><\/a><figcaption id=\"caption-attachment-696\" class=\"wp-caption-text\">Szene aus &#8222;Frau Holle&#8220;. Beim Betten-Aussch\u00fctteln schneit es \u2013 zumindest im M\u00e4rchen. Foto: <a href=\"https:\/\/www.flickr.com\/photos\/cheindel\/169035246\/\" target=\"_blank\">Christian Heindel<\/a> \/ Lizenz: <a href=\"https:\/\/creativecommons.org\/licenses\/by-sa\/2.0\/\" target=\"_blank\">CC BY-SA 2.0<\/a><\/figcaption><\/figure>\n<figure id=\"attachment_704\" aria-describedby=\"caption-attachment-704\" style=\"width: 300px\" class=\"wp-caption alignleft\"><a href=\"https:\/\/www.mystisch.net\/blog\/wp-content\/uploads\/2022\/05\/Liebigbild_Seriennummer_329_Sanguinettinummer_479_Maerchen-Sagen-Fabeln_Jahrgang_1896_Haensel_und_Gretel_5.jpg\"><img loading=\"lazy\" decoding=\"async\" class=\"size-medium wp-image-704\" src=\"https:\/\/www.mystisch.net\/blog\/wp-content\/uploads\/2022\/05\/Liebigbild_Seriennummer_329_Sanguinettinummer_479_Maerchen-Sagen-Fabeln_Jahrgang_1896_Haensel_und_Gretel_5-300x190.jpg\" alt=\"H\u00e4nsel und Gretel\" width=\"300\" height=\"190\" srcset=\"https:\/\/www.mystisch.net\/blog\/wp-content\/uploads\/2022\/05\/Liebigbild_Seriennummer_329_Sanguinettinummer_479_Maerchen-Sagen-Fabeln_Jahrgang_1896_Haensel_und_Gretel_5-300x190.jpg 300w, https:\/\/www.mystisch.net\/blog\/wp-content\/uploads\/2022\/05\/Liebigbild_Seriennummer_329_Sanguinettinummer_479_Maerchen-Sagen-Fabeln_Jahrgang_1896_Haensel_und_Gretel_5.jpg 633w\" sizes=\"auto, (max-width: 300px) 100vw, 300px\" \/><\/a><figcaption id=\"caption-attachment-704\" class=\"wp-caption-text\">H\u00e4nsel und Gretel. Lizenz: Public Domain<\/figcaption><\/figure>\n<p>Damit hat ein Gro\u00dfteil der Stra\u00dfen dort einen Bezug zu M\u00e4rchen, Sagen und \u00e4hnlichen phantastischen Geschichten.<\/p>\n<p>Eine Frage in einem Forum brachte mich heute auf das Thema. Woher kommen diese Namen? War hier ein Scherzbold am Werk? Ein M\u00e4rchenpapst? Die Antwort, dass thematische Schwerpunkte die Orientierung vereinfachen w\u00fcrden und z.B. f\u00fcr Taxifahrer eine Erleichterung seien, geht etwas am Thema vorbei. Genauso gut k\u00f6nnte man auch Maler, Dichter, Gebirge oder Kr\u00e4uterarten bem\u00fchen.<\/p>\n<p>Tatsache aber ist, dass Perlach (inklusive Waldperlach und Fasangarten) 1930 nach M\u00fcnchen eingemeindet wurde. Bei Eingemeindungen stellt sich das Problem, dass leider dann ein paar Stra\u00dfen Dubletten bilden. Zweimal &#8222;Marienplatz&#8220; geht einfach nicht in M\u00fcnchen (ja, liebe Pasinger, ich wei\u00df, ihr habt dennoch euren Marienplatz behalten). Also m\u00fcssen jede Menge Stra\u00dfen umbenannt wurde.<\/p>\n<p>Laut einem Artikel auf der Webseite der Katholischen Gemeinde St. Michael mit St. Georg (Seite nicht mehr verf\u00fcgbar) wurden nicht nur Dubletten entfernt, sondern alle an die Monarchie (die bekanntlich 1918 endete) erinnernden Stra\u00dfennamen. Sehr detailreich ist hier <a href=\"https:\/\/archive.is\/hA3Hn\" target=\"_blank\" rel=\"noopener noreferrer\">WAPE B\u00fcrger IG und verr\u00e4t folgende Namensanpassungen<\/a>:<\/p>\n<table width=\"100%\">\n<tbody>\n<tr>\n<td>\n<ul>\n<li>\u00c4ussere-Prinz-Rupprecht-Str. \u2192 Rotk\u00e4ppchenstra\u00dfe<\/li>\n<li>Finkenstra\u00dfe \u2192 R\u00fcbezahlstra\u00dfe<\/li>\n<li>Hirschenstra\u00dfe \u2192 Rumpelstilzchenstra\u00dfe<\/li>\n<li>Hohenzollernstra\u00dfe \u2192 Frau-Holle-Stra\u00dfe<\/li>\n<li>Innere-Prinz-Rupprecht-Str. \u2192 Schneewittchenstra\u00dfe<\/li>\n<li>Kaiser-Wilhelm-Stra\u00dfe \u2192 Erlk\u00f6nigstra\u00dfe<\/li>\n<li>Otto-Rieger-Stra\u00dfe \u2192 G\u00e4nselieselstra\u00dfe<\/li>\n<li>Prinz-Arnulf-Stra\u00dfe \u2192 Isegrimstra\u00dfe<\/li>\n<li>Prinz-Franz-Stra\u00dfe \u2192 Robinsonstra\u00dfe<\/li>\n<li>Prinz-Heinrich-Stra\u00dfe \u2192 Aschenbr\u00f6delstra\u00dfe<\/li>\n<li>Prinz-Leopold-Stra\u00dfe \u2192 Heinzelm\u00e4nnchenstra\u00dfe<\/li>\n<li>Prinzregentenstra\u00dfe \u2192 D\u00e4umlingstra\u00dfe<\/li>\n<li>Waldperlachstra\u00dfe \u2192 Waldperlacher Stra\u00dfe<\/li>\n<li>Wittelsbacherstra\u00dfe \u2192 Eulenspiegelstra\u00dfe<\/li>\n<li>Zeppelinstra\u00dfe \u2192 Koboldstra\u00dfe<\/li>\n<\/ul>\n<\/td>\n<\/tr>\n<\/tbody>\n<\/table>\n<p>Nicht alle der m\u00e4rchenhaften Namen sind aus der Umbenennung 1930 hervorgegangen. Auch bei neu gebauten Stra\u00dfen wurde die Tradition teilweise fortgesetzt. Die Struwelpeterstra\u00dfe etwa wurde erst 1953 errichtet.<\/p>\n<figure id=\"attachment_1183\" aria-describedby=\"caption-attachment-1183\" style=\"width: 580px\" class=\"wp-caption alignnone\"><a href=\"https:\/\/www.mystisch.net\/blog\/wp-content\/uploads\/2022\/05\/Taunus_Wunderland_Maerchenszenen.jpg\"><img loading=\"lazy\" decoding=\"async\" class=\"size-large wp-image-1183\" src=\"https:\/\/www.mystisch.net\/blog\/wp-content\/uploads\/2022\/05\/Taunus_Wunderland_Maerchenszenen-1024x766.jpg\" alt=\"Hexenhaus aus &quot;H\u00e4nsel und Gretel&quot;\" width=\"580\" height=\"434\" srcset=\"https:\/\/www.mystisch.net\/blog\/wp-content\/uploads\/2022\/05\/Taunus_Wunderland_Maerchenszenen-1024x766.jpg 1024w, https:\/\/www.mystisch.net\/blog\/wp-content\/uploads\/2022\/05\/Taunus_Wunderland_Maerchenszenen-300x225.jpg 300w, https:\/\/www.mystisch.net\/blog\/wp-content\/uploads\/2022\/05\/Taunus_Wunderland_Maerchenszenen-768x575.jpg 768w, https:\/\/www.mystisch.net\/blog\/wp-content\/uploads\/2022\/05\/Taunus_Wunderland_Maerchenszenen-1536x1150.jpg 1536w, https:\/\/www.mystisch.net\/blog\/wp-content\/uploads\/2022\/05\/Taunus_Wunderland_Maerchenszenen-1200x898.jpg 1200w, https:\/\/www.mystisch.net\/blog\/wp-content\/uploads\/2022\/05\/Taunus_Wunderland_Maerchenszenen-1980x1482.jpg 1980w, https:\/\/www.mystisch.net\/blog\/wp-content\/uploads\/2022\/05\/Taunus_Wunderland_Maerchenszenen.jpg 2000w\" sizes=\"auto, (max-width: 580px) 100vw, 580px\" \/><\/a><figcaption id=\"caption-attachment-1183\" class=\"wp-caption-text\">Hexenhaus aus &#8222;H\u00e4nsel und Gretel&#8220;. Lizenz: Public Domain<\/figcaption><\/figure>\n<p>Auffallend ist auch, dass einige neu gebaute Stra\u00dfen einen Bezug zur germanischen G\u00f6tter- und Sagenkultur bekamen, so der Asenweg und die Beowulfstra\u00dfe. Auch weitere Waldperlacher Stra\u00dfennamen haben indirekt mit Sagen zu tun, Friedrich Panzer etwa war unter anderem ein bayerischer Sagenforscher und wurde 1955 mit der Benennung einer Stra\u00dfe geehrt (Friedrich-Panzer-Weg).<\/p>\n<p>Bis heute schwingt die Tradition in Waldperlach fort. Wer glaubt, die j\u00fcngeren Namensvergaben w\u00e4ren im kommunalpolitischen Kleinmief untergegangen, wird eines Besseren belehrt: 2000 etwa wurde eine Stra\u00dfe nach Klara Ziegler benannt, eine Schauspielerin, die als Deutschlands letzte Heldendarstellerin gilt und u.a. die Brunhild in den &#8222;Nibelungen&#8220; spielte. Eine (noch unvollst\u00e4ndige) \u00dcbersicht dieser Stra\u00dfen zeigt diese Aufstellung:<\/p>\n<table width=\"100%\">\n<tbody>\n<tr>\n<td width=\"200px\">Asenweg<\/td>\n<td>Asen: nordische Bezeichnung der germanischen G\u00f6tter<\/td>\n<\/tr>\n<tr>\n<td>Beowulfstra\u00dfe<\/td>\n<td>Beowulf (m\u00f6glicherweise &#8222;Bienen-Wolf&#8220;): ein Held der Gauten aus dem gleichnamigen fr\u00fchmittelalterlichen epischen Heldengedicht in angels\u00e4chsischen Stabreimen.<\/td>\n<\/tr>\n<tr>\n<td>Friedrich-Panzer-Weg<\/td>\n<td>Bayerischer Sagenforscher<\/td>\n<\/tr>\n<tr>\n<td>Klara-Ziegler-Bogen<\/td>\n<td>Deutschlands letzte Heldendarstellerin, spielte u.a. Brunhild in den &#8222;Nibelungen&#8220;<\/td>\n<\/tr>\n<tr>\n<td>Maria-Nicklisch-Stra\u00dfe<\/td>\n<td>Deutsche Schauspielerin. Spielte u.a. die Hexe in &#8222;Faust&#8220; (Verfilmung; 1988).<\/td>\n<\/tr>\n<tr>\n<td>Peter-L\u00fchr-Stra\u00dfe<\/td>\n<td>Deutscher Schauspieler. Filmografie: &#8222;Der Mann, der zweimal leben wollte&#8220;, &#8222;Hunde, wollt ihr ewig leben&#8220;, &#8222;Unheimliche Geschichten&#8220; u.v.m.<\/td>\n<\/tr>\n<\/tbody>\n<\/table>\n<p>Der Bezug zu den Nibelungen in Gestalt des Klara-Ziegler-Bogens passt gut zur Stra\u00dfenvergabe in der angrenzenden Gemeinde Neubiberg:<\/p>\n<p style=\"padding: 2px 6px 4px; color: #555555; background-color: #eeeeee; border: 2px solid #dddddd;\"><strong>Fortsetzung in Neubiberg: <\/strong>Hier findet der sagenhafte Stadtteil nahtlos seine Fortsetzung in Gestalt der Nibelungensage. Die Stra\u00dfen hei\u00dfen hier Brunhildenstra\u00dfe, Nibelungenstra\u00dfe, Rheingoldstra\u00dfe, Siegfriedstra\u00dfe, Walk\u00fcrenstra\u00dfe und Wotanstra\u00dfe.<\/p>\n<p>Die Frage nach dem Grund f\u00fcr den Hang zu den M\u00e4rchen und Sagen wurde aber immer noch nicht zufriedenstellend beantwortet. M\u00f6glicherweise war Waldperlach einfach immer schon m\u00e4rchenhaft. Und wenn nicht, ist es das durch die Stra\u00dfennamen vielleicht inzwischen geworden. Aber vielleicht wei\u00df ja ein Leser mehr \u2026 2012 feierte Waldperlach \u00fcbrigens 100-J\u00e4hriges. 100 Jahre, das ist der Zeitraum, den Dornr\u00f6schen schlafen sollte.<\/p>\n<h3>Ist Waldperlach mystisch?<\/h3>\n<p>Klar, Stra\u00dfennamen alleine machen aus einem Ort noch lange nichts Mystisches. Viele werden nun entt\u00e4uscht sein, denn der M\u00e4rchenbezug spiegelt sich tats\u00e4chlich nur in den Stra\u00dfennamen wider. Zumindest zwei Steinkreise verleihen dem Stadtteil einen gewissen Flair, der in die mystische Richtung geht: <a href=\"https:\/\/www.mystisch.net\/blog\/mini-stonehenge-in-muenchen-waldperlach\/\">Mini-Stonehenge in M\u00fcnchen Waldperlach<\/a><\/p>\n<p>In der N\u00e4he von Waldperlach gibt es zudem eine Mariengrotte: <a href=\"https:\/\/www.mystisch.net\/blog\/mini-lourdes-im-truderinger-wald\/\">Mini-Lourdes im Truderinger Wald<\/a><\/p>\n<p>Die folgenden Bilder zeigen, wie es in Waldperlach aussieht (oder aussah, wenn wir das erste Bild einbeziehen):<\/p>\n<figure id=\"attachment_698\" aria-describedby=\"caption-attachment-698\" style=\"width: 580px\" class=\"wp-caption alignnone\"><a href=\"https:\/\/www.mystisch.net\/blog\/wp-content\/uploads\/2022\/05\/Perlach_leiberheim.jpg\"><img loading=\"lazy\" decoding=\"async\" class=\"size-large wp-image-698\" src=\"https:\/\/www.mystisch.net\/blog\/wp-content\/uploads\/2022\/05\/Perlach_leiberheim-1024x739.jpg\" alt=\"Leiberheim\" width=\"580\" height=\"419\" srcset=\"https:\/\/www.mystisch.net\/blog\/wp-content\/uploads\/2022\/05\/Perlach_leiberheim-1024x739.jpg 1024w, https:\/\/www.mystisch.net\/blog\/wp-content\/uploads\/2022\/05\/Perlach_leiberheim-300x216.jpg 300w, https:\/\/www.mystisch.net\/blog\/wp-content\/uploads\/2022\/05\/Perlach_leiberheim-768x554.jpg 768w, https:\/\/www.mystisch.net\/blog\/wp-content\/uploads\/2022\/05\/Perlach_leiberheim.jpg 1109w\" sizes=\"auto, (max-width: 580px) 100vw, 580px\" \/><\/a><figcaption id=\"caption-attachment-698\" class=\"wp-caption-text\">Leiberheim in Waldperlach um 1920. Lizenz: Public Domain<\/figcaption><\/figure>\n<figure id=\"attachment_700\" aria-describedby=\"caption-attachment-700\" style=\"width: 580px\" class=\"wp-caption alignnone\"><a href=\"https:\/\/www.mystisch.net\/blog\/wp-content\/uploads\/2022\/05\/IMG_9097-3.jpg\"><img loading=\"lazy\" decoding=\"async\" class=\"size-large wp-image-700\" src=\"https:\/\/www.mystisch.net\/blog\/wp-content\/uploads\/2022\/05\/IMG_9097-3-1024x775.jpg\" alt=\"Leiberheim\" width=\"580\" height=\"439\" srcset=\"https:\/\/www.mystisch.net\/blog\/wp-content\/uploads\/2022\/05\/IMG_9097-3-1024x775.jpg 1024w, https:\/\/www.mystisch.net\/blog\/wp-content\/uploads\/2022\/05\/IMG_9097-3-300x227.jpg 300w, https:\/\/www.mystisch.net\/blog\/wp-content\/uploads\/2022\/05\/IMG_9097-3-768x581.jpg 768w, https:\/\/www.mystisch.net\/blog\/wp-content\/uploads\/2022\/05\/IMG_9097-3-1536x1163.jpg 1536w, https:\/\/www.mystisch.net\/blog\/wp-content\/uploads\/2022\/05\/IMG_9097-3-1200x908.jpg 1200w, https:\/\/www.mystisch.net\/blog\/wp-content\/uploads\/2022\/05\/IMG_9097-3.jpg 1600w\" sizes=\"auto, (max-width: 580px) 100vw, 580px\" \/><\/a><figcaption id=\"caption-attachment-700\" class=\"wp-caption-text\">Wirtshaus\/Biergarten Leiberheim am Eck Schneewittchenstra\u00dfe\/\u2026 (29.08.2017) \u00a9 Thomas Irlbeck<\/figcaption><\/figure>\n<figure id=\"attachment_699\" aria-describedby=\"caption-attachment-699\" style=\"width: 580px\" class=\"wp-caption alignnone\"><a href=\"https:\/\/www.mystisch.net\/blog\/wp-content\/uploads\/2022\/05\/IMG_9100-2.jpg\"><img loading=\"lazy\" decoding=\"async\" class=\"size-large wp-image-699\" src=\"https:\/\/www.mystisch.net\/blog\/wp-content\/uploads\/2022\/05\/IMG_9100-2-1024x768.jpg\" alt=\"Leiberheim\" width=\"580\" height=\"435\" srcset=\"https:\/\/www.mystisch.net\/blog\/wp-content\/uploads\/2022\/05\/IMG_9100-2-1024x768.jpg 1024w, https:\/\/www.mystisch.net\/blog\/wp-content\/uploads\/2022\/05\/IMG_9100-2-300x225.jpg 300w, https:\/\/www.mystisch.net\/blog\/wp-content\/uploads\/2022\/05\/IMG_9100-2-768x576.jpg 768w, https:\/\/www.mystisch.net\/blog\/wp-content\/uploads\/2022\/05\/IMG_9100-2-1536x1152.jpg 1536w, https:\/\/www.mystisch.net\/blog\/wp-content\/uploads\/2022\/05\/IMG_9100-2-1200x900.jpg 1200w, https:\/\/www.mystisch.net\/blog\/wp-content\/uploads\/2022\/05\/IMG_9100-2.jpg 1600w\" sizes=\"auto, (max-width: 580px) 100vw, 580px\" \/><\/a><figcaption id=\"caption-attachment-699\" class=\"wp-caption-text\">\u2026Nixenweg (29.08.2017) \u00a9 Thomas Irlbeck<\/figcaption><\/figure>\n<figure id=\"attachment_701\" aria-describedby=\"caption-attachment-701\" style=\"width: 580px\" class=\"wp-caption alignnone\"><a href=\"https:\/\/www.mystisch.net\/blog\/wp-content\/uploads\/2022\/05\/IMG_1504.jpg\"><img loading=\"lazy\" decoding=\"async\" class=\"size-large wp-image-701\" src=\"https:\/\/www.mystisch.net\/blog\/wp-content\/uploads\/2022\/05\/IMG_1504-1024x768.jpg\" alt=\"Koboldstra\u00dfe\" width=\"580\" height=\"435\" srcset=\"https:\/\/www.mystisch.net\/blog\/wp-content\/uploads\/2022\/05\/IMG_1504-1024x768.jpg 1024w, https:\/\/www.mystisch.net\/blog\/wp-content\/uploads\/2022\/05\/IMG_1504-300x225.jpg 300w, https:\/\/www.mystisch.net\/blog\/wp-content\/uploads\/2022\/05\/IMG_1504-768x576.jpg 768w, https:\/\/www.mystisch.net\/blog\/wp-content\/uploads\/2022\/05\/IMG_1504-1536x1152.jpg 1536w, https:\/\/www.mystisch.net\/blog\/wp-content\/uploads\/2022\/05\/IMG_1504-1200x900.jpg 1200w, https:\/\/www.mystisch.net\/blog\/wp-content\/uploads\/2022\/05\/IMG_1504.jpg 1920w\" sizes=\"auto, (max-width: 580px) 100vw, 580px\" \/><\/a><figcaption id=\"caption-attachment-701\" class=\"wp-caption-text\">Romantik in der Koboldstra\u00dfe, Ecke Sundergaustra\u00dfe (18.09.2019) \u00a9 Thomas Irlbeck<\/figcaption><\/figure>\n<figure id=\"attachment_702\" aria-describedby=\"caption-attachment-702\" style=\"width: 580px\" class=\"wp-caption alignnone\"><a href=\"https:\/\/www.mystisch.net\/blog\/wp-content\/uploads\/2022\/05\/IMG_1503.jpg\"><img loading=\"lazy\" decoding=\"async\" class=\"size-large wp-image-702\" src=\"https:\/\/www.mystisch.net\/blog\/wp-content\/uploads\/2022\/05\/IMG_1503-1024x768.jpg\" alt=\"Koboldstra\u00dfe\" width=\"580\" height=\"435\" srcset=\"https:\/\/www.mystisch.net\/blog\/wp-content\/uploads\/2022\/05\/IMG_1503-1024x768.jpg 1024w, https:\/\/www.mystisch.net\/blog\/wp-content\/uploads\/2022\/05\/IMG_1503-300x225.jpg 300w, https:\/\/www.mystisch.net\/blog\/wp-content\/uploads\/2022\/05\/IMG_1503-768x576.jpg 768w, https:\/\/www.mystisch.net\/blog\/wp-content\/uploads\/2022\/05\/IMG_1503-1536x1152.jpg 1536w, https:\/\/www.mystisch.net\/blog\/wp-content\/uploads\/2022\/05\/IMG_1503-1200x900.jpg 1200w, https:\/\/www.mystisch.net\/blog\/wp-content\/uploads\/2022\/05\/IMG_1503.jpg 1920w\" sizes=\"auto, (max-width: 580px) 100vw, 580px\" \/><\/a><figcaption id=\"caption-attachment-702\" class=\"wp-caption-text\">Koboldstra\u00dfe (18.09.2019) \u00a9 Thomas Irlbeck<\/figcaption><\/figure>\n<p>Auch das ist Waldperlach: Der Baggersee (Rothsee) mit dem Biotop ist ein \u00dcberbleibsel des fr\u00fcheren Kieswerks Fritz Roth und liegt auf Waldperlacher Grund.<\/p>\n<figure id=\"attachment_697\" aria-describedby=\"caption-attachment-697\" style=\"width: 580px\" class=\"wp-caption alignnone\"><a href=\"https:\/\/www.mystisch.net\/blog\/wp-content\/uploads\/2022\/05\/IMG_3149.jpg\"><img loading=\"lazy\" decoding=\"async\" class=\"size-large wp-image-697\" src=\"https:\/\/www.mystisch.net\/blog\/wp-content\/uploads\/2022\/05\/IMG_3149-1024x768.jpg\" alt=\"Biotop Rothsee\" width=\"580\" height=\"435\" srcset=\"https:\/\/www.mystisch.net\/blog\/wp-content\/uploads\/2022\/05\/IMG_3149-1024x768.jpg 1024w, https:\/\/www.mystisch.net\/blog\/wp-content\/uploads\/2022\/05\/IMG_3149-300x225.jpg 300w, https:\/\/www.mystisch.net\/blog\/wp-content\/uploads\/2022\/05\/IMG_3149-768x576.jpg 768w, https:\/\/www.mystisch.net\/blog\/wp-content\/uploads\/2022\/05\/IMG_3149-1536x1152.jpg 1536w, https:\/\/www.mystisch.net\/blog\/wp-content\/uploads\/2022\/05\/IMG_3149-1200x900.jpg 1200w, https:\/\/www.mystisch.net\/blog\/wp-content\/uploads\/2022\/05\/IMG_3149.jpg 1920w\" sizes=\"auto, (max-width: 580px) 100vw, 580px\" \/><\/a><figcaption id=\"caption-attachment-697\" class=\"wp-caption-text\">Biotop (20.04.2018) \u00a9 Thomas Irlbeck<\/figcaption><\/figure>\n","protected":false},"excerpt":{"rendered":"<p>Dies ist ein Artikel, den ich vor Jahren geschrieben habe. Ich finde die Stra\u00dfennamen Waldperlachs so bemerkenswert, dass in den Artikel bei dieser Gelegenheit etwas aufgeh\u00fcbscht habe. Es war einmal \u2026 Nein, den Stadtteil gibt es immer noch. Die Rede ist vom wohl m\u00e4rchenhaftesten Stadtteil M\u00fcnchens: Waldperlach. Die Stra\u00dfen hei\u00dfen dort Aschenbr\u00f6delstra\u00dfe D\u00e4umlingstra\u00dfe Dornr\u00f6schenstra\u00dfe Drosselbartstra\u00dfe [&hellip;]<\/p>\n","protected":false},"author":1,"featured_media":0,"comment_status":"open","ping_status":"open","sticky":false,"template":"","format":"standard","meta":{"footnotes":""},"categories":[190,132],"tags":[258,10,226],"class_list":["post-691","post","type-post","status-publish","format-standard","hentry","category-literatur-und-filme","category-mythen","tag-maerchen","tag-muenchen","tag-waldperlach"],"_links":{"self":[{"href":"https:\/\/www.mystisch.net\/blog\/wp-json\/wp\/v2\/posts\/691","targetHints":{"allow":["GET"]}}],"collection":[{"href":"https:\/\/www.mystisch.net\/blog\/wp-json\/wp\/v2\/posts"}],"about":[{"href":"https:\/\/www.mystisch.net\/blog\/wp-json\/wp\/v2\/types\/post"}],"author":[{"embeddable":true,"href":"https:\/\/www.mystisch.net\/blog\/wp-json\/wp\/v2\/users\/1"}],"replies":[{"embeddable":true,"href":"https:\/\/www.mystisch.net\/blog\/wp-json\/wp\/v2\/comments?post=691"}],"version-history":[{"count":0,"href":"https:\/\/www.mystisch.net\/blog\/wp-json\/wp\/v2\/posts\/691\/revisions"}],"wp:attachment":[{"href":"https:\/\/www.mystisch.net\/blog\/wp-json\/wp\/v2\/media?parent=691"}],"wp:term":[{"taxonomy":"category","embeddable":true,"href":"https:\/\/www.mystisch.net\/blog\/wp-json\/wp\/v2\/categories?post=691"},{"taxonomy":"post_tag","embeddable":true,"href":"https:\/\/www.mystisch.net\/blog\/wp-json\/wp\/v2\/tags?post=691"}],"curies":[{"name":"wp","href":"https:\/\/api.w.org\/{rel}","templated":true}]}}