{"id":754,"date":"2023-09-11T22:13:54","date_gmt":"2023-09-11T20:13:54","guid":{"rendered":"https:\/\/www.mystisch.net\/blog\/?p=754"},"modified":"2023-09-11T22:59:06","modified_gmt":"2023-09-11T20:59:06","slug":"eine-tuere-ins-jenseits","status":"publish","type":"post","link":"https:\/\/www.mystisch.net\/blog\/eine-tuere-ins-jenseits\/","title":{"rendered":"Eine T\u00fcre ins Jenseits"},"content":{"rendered":"<p>Ein ganz besonderer Grabstein. Eine Doppelt\u00fcre, die nur den Hauch eines Spalts ge\u00f6ffnet ist. Sie scheint den Weg ins Licht freizugeben. Ich zeige auch die R\u00fcckseite. Gesehen auf dem Waldfriedhof in Gr\u00fcnwald bei M\u00fcnchen.<\/p>\n<figure id=\"attachment_757\" aria-describedby=\"caption-attachment-757\" style=\"width: 580px\" class=\"wp-caption alignnone\"><a href=\"https:\/\/www.mystisch.net\/blog\/wp-content\/uploads\/2023\/09\/IMG_6815.jpg\"><img loading=\"lazy\" decoding=\"async\" class=\"size-large wp-image-757\" src=\"https:\/\/www.mystisch.net\/blog\/wp-content\/uploads\/2023\/09\/IMG_6815-1024x768.jpg\" alt=\"Grabstein Gr\u00fcnwald\" width=\"580\" height=\"435\" srcset=\"https:\/\/www.mystisch.net\/blog\/wp-content\/uploads\/2023\/09\/IMG_6815-1024x768.jpg 1024w, https:\/\/www.mystisch.net\/blog\/wp-content\/uploads\/2023\/09\/IMG_6815-300x225.jpg 300w, https:\/\/www.mystisch.net\/blog\/wp-content\/uploads\/2023\/09\/IMG_6815-768x576.jpg 768w, https:\/\/www.mystisch.net\/blog\/wp-content\/uploads\/2023\/09\/IMG_6815-1536x1152.jpg 1536w, https:\/\/www.mystisch.net\/blog\/wp-content\/uploads\/2023\/09\/IMG_6815-2048x1536.jpg 2048w, https:\/\/www.mystisch.net\/blog\/wp-content\/uploads\/2023\/09\/IMG_6815-1200x900.jpg 1200w, https:\/\/www.mystisch.net\/blog\/wp-content\/uploads\/2023\/09\/IMG_6815-1980x1485.jpg 1980w\" sizes=\"auto, (max-width: 580px) 100vw, 580px\" \/><\/a><figcaption id=\"caption-attachment-757\" class=\"wp-caption-text\">Grabstein mit Doppelt\u00fcre auf dem Waldfriedhof in Gr\u00fcnwald bei M\u00fcnchen (04.09.2023) \u00a9 Thomas Irlbeck<\/figcaption><\/figure>\n<figure id=\"attachment_756\" aria-describedby=\"caption-attachment-756\" style=\"width: 580px\" class=\"wp-caption alignnone\"><a href=\"https:\/\/www.mystisch.net\/blog\/wp-content\/uploads\/2023\/09\/IMG_6818.jpg\"><img loading=\"lazy\" decoding=\"async\" class=\"size-large wp-image-756\" src=\"https:\/\/www.mystisch.net\/blog\/wp-content\/uploads\/2023\/09\/IMG_6818-1024x768.jpg\" alt=\"Grabstein Gr\u00fcnwald\" width=\"580\" height=\"435\" srcset=\"https:\/\/www.mystisch.net\/blog\/wp-content\/uploads\/2023\/09\/IMG_6818-1024x768.jpg 1024w, https:\/\/www.mystisch.net\/blog\/wp-content\/uploads\/2023\/09\/IMG_6818-300x225.jpg 300w, https:\/\/www.mystisch.net\/blog\/wp-content\/uploads\/2023\/09\/IMG_6818-768x576.jpg 768w, https:\/\/www.mystisch.net\/blog\/wp-content\/uploads\/2023\/09\/IMG_6818-1536x1152.jpg 1536w, https:\/\/www.mystisch.net\/blog\/wp-content\/uploads\/2023\/09\/IMG_6818-2048x1536.jpg 2048w, https:\/\/www.mystisch.net\/blog\/wp-content\/uploads\/2023\/09\/IMG_6818-1200x900.jpg 1200w, https:\/\/www.mystisch.net\/blog\/wp-content\/uploads\/2023\/09\/IMG_6818-1980x1485.jpg 1980w\" sizes=\"auto, (max-width: 580px) 100vw, 580px\" \/><\/a><figcaption id=\"caption-attachment-756\" class=\"wp-caption-text\">Grabstein mit Doppelt\u00fcre auf dem Waldfriedhof in Gr\u00fcnwald bei M\u00fcnchen (04.09.2023) \u00a9 Thomas Irlbeck<\/figcaption><\/figure>\n<h3>Die R\u00fcckseite<\/h3>\n<p>Skeptiker sagen jetzt, hinter der T\u00fcre sei nichts. Tats\u00e4chlich ist dahinter wieder unserer Welt, zumindest physisch, weltlich gesehen. Das R\u00e4tsel um das Jenseits kann auch dieser Grabstein nicht l\u00f6sen. Aber er stellt das Geheimnis hervorragend bildlich dar.<\/p>\n<figure id=\"attachment_755\" aria-describedby=\"caption-attachment-755\" style=\"width: 580px\" class=\"wp-caption alignnone\"><a href=\"https:\/\/www.mystisch.net\/blog\/wp-content\/uploads\/2023\/09\/IMG_6819.jpg\"><img loading=\"lazy\" decoding=\"async\" class=\"size-large wp-image-755\" src=\"https:\/\/www.mystisch.net\/blog\/wp-content\/uploads\/2023\/09\/IMG_6819-1024x874.jpg\" alt=\"Grabstein Gr\u00fcnwald\" width=\"580\" height=\"495\" srcset=\"https:\/\/www.mystisch.net\/blog\/wp-content\/uploads\/2023\/09\/IMG_6819-1024x874.jpg 1024w, https:\/\/www.mystisch.net\/blog\/wp-content\/uploads\/2023\/09\/IMG_6819-300x256.jpg 300w, https:\/\/www.mystisch.net\/blog\/wp-content\/uploads\/2023\/09\/IMG_6819-768x656.jpg 768w, https:\/\/www.mystisch.net\/blog\/wp-content\/uploads\/2023\/09\/IMG_6819-1536x1312.jpg 1536w, https:\/\/www.mystisch.net\/blog\/wp-content\/uploads\/2023\/09\/IMG_6819-2048x1749.jpg 2048w, https:\/\/www.mystisch.net\/blog\/wp-content\/uploads\/2023\/09\/IMG_6819-1200x1025.jpg 1200w, https:\/\/www.mystisch.net\/blog\/wp-content\/uploads\/2023\/09\/IMG_6819-1980x1691.jpg 1980w\" sizes=\"auto, (max-width: 580px) 100vw, 580px\" \/><\/a><figcaption id=\"caption-attachment-755\" class=\"wp-caption-text\">Grabstein mit Doppelt\u00fcre auf dem Waldfriedhof in Gr\u00fcnwald bei M\u00fcnchen (04.09.2023) \u00a9 Thomas Irlbeck<\/figcaption><\/figure>\n<figure id=\"attachment_760\" aria-describedby=\"caption-attachment-760\" style=\"width: 580px\" class=\"wp-caption alignnone\"><a href=\"https:\/\/www.mystisch.net\/blog\/wp-content\/uploads\/2023\/09\/Reise_Jenseits.jpg\"><img loading=\"lazy\" decoding=\"async\" class=\"size-large wp-image-760\" src=\"https:\/\/www.mystisch.net\/blog\/wp-content\/uploads\/2023\/09\/Reise_Jenseits-1024x677.jpg\" alt=\"Wohin geht die Reise?\" width=\"580\" height=\"383\" srcset=\"https:\/\/www.mystisch.net\/blog\/wp-content\/uploads\/2023\/09\/Reise_Jenseits-1024x677.jpg 1024w, https:\/\/www.mystisch.net\/blog\/wp-content\/uploads\/2023\/09\/Reise_Jenseits-300x198.jpg 300w, https:\/\/www.mystisch.net\/blog\/wp-content\/uploads\/2023\/09\/Reise_Jenseits-768x508.jpg 768w, https:\/\/www.mystisch.net\/blog\/wp-content\/uploads\/2023\/09\/Reise_Jenseits-1200x794.jpg 1200w, https:\/\/www.mystisch.net\/blog\/wp-content\/uploads\/2023\/09\/Reise_Jenseits.jpg 1536w\" sizes=\"auto, (max-width: 580px) 100vw, 580px\" \/><\/a><figcaption id=\"caption-attachment-760\" class=\"wp-caption-text\">Wohin geht die Reise?<\/figcaption><\/figure>\n","protected":false},"excerpt":{"rendered":"<p>Ein ganz besonderer Grabstein. Eine Doppelt\u00fcre, die nur den Hauch eines Spalts ge\u00f6ffnet ist. Sie scheint den Weg ins Licht freizugeben. Ich zeige auch die R\u00fcckseite. Gesehen auf dem Waldfriedhof in Gr\u00fcnwald bei M\u00fcnchen. Die R\u00fcckseite Skeptiker sagen jetzt, hinter der T\u00fcre sei nichts. Tats\u00e4chlich ist dahinter wieder unserer Welt, zumindest physisch, weltlich gesehen. Das [&hellip;]<\/p>\n","protected":false},"author":1,"featured_media":0,"comment_status":"open","ping_status":"open","sticky":false,"template":"","format":"standard","meta":{"footnotes":""},"categories":[146],"tags":[289,290,152],"class_list":["post-754","post","type-post","status-publish","format-standard","hentry","category-friedhof","tag-gruenwald","tag-tuere","tag-waldfriedhof"],"_links":{"self":[{"href":"https:\/\/www.mystisch.net\/blog\/wp-json\/wp\/v2\/posts\/754","targetHints":{"allow":["GET"]}}],"collection":[{"href":"https:\/\/www.mystisch.net\/blog\/wp-json\/wp\/v2\/posts"}],"about":[{"href":"https:\/\/www.mystisch.net\/blog\/wp-json\/wp\/v2\/types\/post"}],"author":[{"embeddable":true,"href":"https:\/\/www.mystisch.net\/blog\/wp-json\/wp\/v2\/users\/1"}],"replies":[{"embeddable":true,"href":"https:\/\/www.mystisch.net\/blog\/wp-json\/wp\/v2\/comments?post=754"}],"version-history":[{"count":0,"href":"https:\/\/www.mystisch.net\/blog\/wp-json\/wp\/v2\/posts\/754\/revisions"}],"wp:attachment":[{"href":"https:\/\/www.mystisch.net\/blog\/wp-json\/wp\/v2\/media?parent=754"}],"wp:term":[{"taxonomy":"category","embeddable":true,"href":"https:\/\/www.mystisch.net\/blog\/wp-json\/wp\/v2\/categories?post=754"},{"taxonomy":"post_tag","embeddable":true,"href":"https:\/\/www.mystisch.net\/blog\/wp-json\/wp\/v2\/tags?post=754"}],"curies":[{"name":"wp","href":"https:\/\/api.w.org\/{rel}","templated":true}]}}