{"id":791,"date":"2024-06-25T07:18:04","date_gmt":"2024-06-25T05:18:04","guid":{"rendered":"https:\/\/www.mystisch.net\/blog\/?p=791"},"modified":"2025-09-20T11:59:13","modified_gmt":"2025-09-20T09:59:13","slug":"die-schoensten-haeuser","status":"publish","type":"post","link":"https:\/\/www.mystisch.net\/blog\/die-schoensten-haeuser\/","title":{"rendered":"Die sch\u00f6nsten H\u00e4user in M\u00fcnchen und im Umland"},"content":{"rendered":"<figure id=\"attachment_802\" aria-describedby=\"caption-attachment-802\" style=\"width: 580px\" class=\"wp-caption alignnone\"><a href=\"https:\/\/www.mystisch.net\/blog\/wp-content\/uploads\/2024\/06\/IMG_6913-Verbessert-RR.jpg\"><img loading=\"lazy\" decoding=\"async\" class=\"size-large wp-image-802\" src=\"https:\/\/www.mystisch.net\/blog\/wp-content\/uploads\/2024\/06\/IMG_6913-Verbessert-RR-1024x768.jpg\" alt=\"Starnberg, AOK\" width=\"580\" height=\"435\" srcset=\"https:\/\/www.mystisch.net\/blog\/wp-content\/uploads\/2024\/06\/IMG_6913-Verbessert-RR-1024x768.jpg 1024w, https:\/\/www.mystisch.net\/blog\/wp-content\/uploads\/2024\/06\/IMG_6913-Verbessert-RR-300x225.jpg 300w, https:\/\/www.mystisch.net\/blog\/wp-content\/uploads\/2024\/06\/IMG_6913-Verbessert-RR-768x576.jpg 768w, https:\/\/www.mystisch.net\/blog\/wp-content\/uploads\/2024\/06\/IMG_6913-Verbessert-RR-1536x1152.jpg 1536w, https:\/\/www.mystisch.net\/blog\/wp-content\/uploads\/2024\/06\/IMG_6913-Verbessert-RR-2048x1536.jpg 2048w, https:\/\/www.mystisch.net\/blog\/wp-content\/uploads\/2024\/06\/IMG_6913-Verbessert-RR-1200x900.jpg 1200w, https:\/\/www.mystisch.net\/blog\/wp-content\/uploads\/2024\/06\/IMG_6913-Verbessert-RR-1980x1485.jpg 1980w\" sizes=\"auto, (max-width: 580px) 100vw, 580px\" \/><\/a><figcaption id=\"caption-attachment-802\" class=\"wp-caption-text\">Starnberg, AOK (05.09.2023) \u00a9 Thomas Irlbeck<\/figcaption><\/figure>\n<p>In diesem Bericht entsteht eine Sammlung der sch\u00f6nsten H\u00e4user in M\u00fcnchen und im Umland. Es stehen hier keine Geschichten im Vordergrund, sondern es soll einfach besondere Architektur gezeigt werden. Nat\u00fcrlich sind die H\u00e4user auch herrliche Kulissen, in der zumindest in der Phantasie besondere Ph\u00e4nomene stattfinden k\u00f6nnten. Viele der hier gezeigten H\u00e4user sind denkmalgesch\u00fctzt. Die, die es nichts sind, werden es vielleicht noch.<\/p>\n<p>Hier wird immer mal wieder etwas angef\u00fcgt.<\/p>\n<p><strong>Hinweis:<\/strong> Bei kleinen Privath\u00e4usern wird in der Regel nur der Stadtteil\/Ort angegeben, nicht die genaue Adresse, um die Privatsph\u00e4re der Bewohner zu sch\u00fctzen.<\/p>\n<h3>Universit\u00e4tsbibliothek in der Ludwigsvorstadt<\/h3>\n<p>Chirurgische Klinik und Poliklinik Innenstadt, Ludwigsvorstadt, Nu\u00dfbaumstra\u00dfe 20. Was f\u00fcr ein herrliches Geb\u00e4ude! Es ist eine Bibliothek untergebracht. Zutritt nur nach Anmeldung. Der Bayerische Denkmal-Atlas sagt dazu:<\/p>\n<blockquote><p>Krankenhaus, syn. Klinik, syn. Krankenanstalt, syn. Hospital, syn. Spital<br \/>\nChirurgische Klinik, der Altbau Neurenaissance, 1889-91 von Arnold Zenetti, der Eingangsbau neubarock, 1894 von Theodor Fischer, der Westtrakt 1914-15 und 1920-21 von Theodor Kollmann, 1949 teilweise Wiederaufbau des besch\u00e4digten Westtraktes. Vgl. Schillerstra\u00dfe 53.<\/p><\/blockquote>\n<figure id=\"attachment_908\" aria-describedby=\"caption-attachment-908\" style=\"width: 580px\" class=\"wp-caption alignnone\"><a href=\"https:\/\/www.mystisch.net\/blog\/wp-content\/uploads\/2024\/06\/IMG_8767-Verbessert-RR.jpg\"><img loading=\"lazy\" decoding=\"async\" class=\"size-large wp-image-908\" src=\"https:\/\/www.mystisch.net\/blog\/wp-content\/uploads\/2024\/06\/IMG_8767-Verbessert-RR-1024x918.jpg\" alt=\"Bibliothek in der Nu\u00dfbaumstra\u00dfe\" width=\"580\" height=\"520\" srcset=\"https:\/\/www.mystisch.net\/blog\/wp-content\/uploads\/2024\/06\/IMG_8767-Verbessert-RR-1024x918.jpg 1024w, https:\/\/www.mystisch.net\/blog\/wp-content\/uploads\/2024\/06\/IMG_8767-Verbessert-RR-300x269.jpg 300w, https:\/\/www.mystisch.net\/blog\/wp-content\/uploads\/2024\/06\/IMG_8767-Verbessert-RR-768x689.jpg 768w, https:\/\/www.mystisch.net\/blog\/wp-content\/uploads\/2024\/06\/IMG_8767-Verbessert-RR-1536x1377.jpg 1536w, https:\/\/www.mystisch.net\/blog\/wp-content\/uploads\/2024\/06\/IMG_8767-Verbessert-RR-2048x1836.jpg 2048w, https:\/\/www.mystisch.net\/blog\/wp-content\/uploads\/2024\/06\/IMG_8767-Verbessert-RR-1200x1076.jpg 1200w, https:\/\/www.mystisch.net\/blog\/wp-content\/uploads\/2024\/06\/IMG_8767-Verbessert-RR-1980x1775.jpg 1980w\" sizes=\"auto, (max-width: 580px) 100vw, 580px\" \/><\/a><figcaption id=\"caption-attachment-908\" class=\"wp-caption-text\">Bibliothek in der Nu\u00dfbaumstra\u00dfe (24.08.2024) \u00a9 Thomas Irlbeck<\/figcaption><\/figure>\n<figure id=\"attachment_906\" aria-describedby=\"caption-attachment-906\" style=\"width: 580px\" class=\"wp-caption alignnone\"><a href=\"https:\/\/www.mystisch.net\/blog\/wp-content\/uploads\/2024\/06\/IMG_8775-Verbessert-RR.jpg\"><img loading=\"lazy\" decoding=\"async\" class=\"size-large wp-image-906\" src=\"https:\/\/www.mystisch.net\/blog\/wp-content\/uploads\/2024\/06\/IMG_8775-Verbessert-RR-1024x795.jpg\" alt=\"Bibliothek in der Nu\u00dfbaumstra\u00dfe\" width=\"580\" height=\"450\" srcset=\"https:\/\/www.mystisch.net\/blog\/wp-content\/uploads\/2024\/06\/IMG_8775-Verbessert-RR-1024x795.jpg 1024w, https:\/\/www.mystisch.net\/blog\/wp-content\/uploads\/2024\/06\/IMG_8775-Verbessert-RR-300x233.jpg 300w, https:\/\/www.mystisch.net\/blog\/wp-content\/uploads\/2024\/06\/IMG_8775-Verbessert-RR-768x596.jpg 768w, https:\/\/www.mystisch.net\/blog\/wp-content\/uploads\/2024\/06\/IMG_8775-Verbessert-RR-1536x1192.jpg 1536w, https:\/\/www.mystisch.net\/blog\/wp-content\/uploads\/2024\/06\/IMG_8775-Verbessert-RR-2048x1590.jpg 2048w, https:\/\/www.mystisch.net\/blog\/wp-content\/uploads\/2024\/06\/IMG_8775-Verbessert-RR-1200x931.jpg 1200w, https:\/\/www.mystisch.net\/blog\/wp-content\/uploads\/2024\/06\/IMG_8775-Verbessert-RR-1980x1537.jpg 1980w\" sizes=\"auto, (max-width: 580px) 100vw, 580px\" \/><\/a><figcaption id=\"caption-attachment-906\" class=\"wp-caption-text\">Bibliothek in der Nu\u00dfbaumstra\u00dfe (24.08.2024) \u00a9 Thomas Irlbeck<\/figcaption><\/figure>\n<figure id=\"attachment_909\" aria-describedby=\"caption-attachment-909\" style=\"width: 580px\" class=\"wp-caption alignnone\"><a href=\"https:\/\/www.mystisch.net\/blog\/wp-content\/uploads\/2024\/06\/IMG_8779-Verbessert-RR.jpg\"><img loading=\"lazy\" decoding=\"async\" class=\"size-large wp-image-909\" src=\"https:\/\/www.mystisch.net\/blog\/wp-content\/uploads\/2024\/06\/IMG_8779-Verbessert-RR-1024x869.jpg\" alt=\"Bibliothek in der Nu\u00dfbaumstra\u00dfe\" width=\"580\" height=\"492\" srcset=\"https:\/\/www.mystisch.net\/blog\/wp-content\/uploads\/2024\/06\/IMG_8779-Verbessert-RR-1024x869.jpg 1024w, https:\/\/www.mystisch.net\/blog\/wp-content\/uploads\/2024\/06\/IMG_8779-Verbessert-RR-300x255.jpg 300w, https:\/\/www.mystisch.net\/blog\/wp-content\/uploads\/2024\/06\/IMG_8779-Verbessert-RR-768x652.jpg 768w, https:\/\/www.mystisch.net\/blog\/wp-content\/uploads\/2024\/06\/IMG_8779-Verbessert-RR-1536x1304.jpg 1536w, https:\/\/www.mystisch.net\/blog\/wp-content\/uploads\/2024\/06\/IMG_8779-Verbessert-RR-2048x1738.jpg 2048w, https:\/\/www.mystisch.net\/blog\/wp-content\/uploads\/2024\/06\/IMG_8779-Verbessert-RR-1200x1019.jpg 1200w, https:\/\/www.mystisch.net\/blog\/wp-content\/uploads\/2024\/06\/IMG_8779-Verbessert-RR-1980x1681.jpg 1980w\" sizes=\"auto, (max-width: 580px) 100vw, 580px\" \/><\/a><figcaption id=\"caption-attachment-909\" class=\"wp-caption-text\">Bibliothek in der Nu\u00dfbaumstra\u00dfe (24.08.2024) \u00a9 Thomas Irlbeck<\/figcaption><\/figure>\n<figure id=\"attachment_907\" aria-describedby=\"caption-attachment-907\" style=\"width: 580px\" class=\"wp-caption alignnone\"><a href=\"https:\/\/www.mystisch.net\/blog\/wp-content\/uploads\/2024\/06\/IMG_8771-Verbessert-RR.jpg\"><img loading=\"lazy\" decoding=\"async\" class=\"size-large wp-image-907\" src=\"https:\/\/www.mystisch.net\/blog\/wp-content\/uploads\/2024\/06\/IMG_8771-Verbessert-RR-1024x803.jpg\" alt=\"Bibliothek in der Nu\u00dfbaumstra\u00dfe\" width=\"580\" height=\"455\" srcset=\"https:\/\/www.mystisch.net\/blog\/wp-content\/uploads\/2024\/06\/IMG_8771-Verbessert-RR-1024x803.jpg 1024w, https:\/\/www.mystisch.net\/blog\/wp-content\/uploads\/2024\/06\/IMG_8771-Verbessert-RR-300x235.jpg 300w, https:\/\/www.mystisch.net\/blog\/wp-content\/uploads\/2024\/06\/IMG_8771-Verbessert-RR-768x602.jpg 768w, https:\/\/www.mystisch.net\/blog\/wp-content\/uploads\/2024\/06\/IMG_8771-Verbessert-RR-1536x1204.jpg 1536w, https:\/\/www.mystisch.net\/blog\/wp-content\/uploads\/2024\/06\/IMG_8771-Verbessert-RR-2048x1606.jpg 2048w, https:\/\/www.mystisch.net\/blog\/wp-content\/uploads\/2024\/06\/IMG_8771-Verbessert-RR-1200x941.jpg 1200w, https:\/\/www.mystisch.net\/blog\/wp-content\/uploads\/2024\/06\/IMG_8771-Verbessert-RR-1980x1552.jpg 1980w\" sizes=\"auto, (max-width: 580px) 100vw, 580px\" \/><\/a><figcaption id=\"caption-attachment-907\" class=\"wp-caption-text\">Bibliothek in der Nu\u00dfbaumstra\u00dfe (24.08.2024) \u00a9 Thomas Irlbeck<\/figcaption><\/figure>\n<h3>Schwabing mit Tonnen-Dachgeschoss<\/h3>\n<p>Ein besonderes, sch\u00f6nes Haus in der Dillisstra\u00dfe 1a in Schwabing. Das tonnenf\u00f6rmige Dachgeschoss ist ein Hingucker. es besteht kein Denkmalschutz.<\/p>\n<figure id=\"attachment_895\" aria-describedby=\"caption-attachment-895\" style=\"width: 580px\" class=\"wp-caption alignnone\"><a href=\"https:\/\/www.mystisch.net\/blog\/wp-content\/uploads\/2024\/06\/IMG_8604-Verbessert-RR.jpg\"><img loading=\"lazy\" decoding=\"async\" class=\"size-large wp-image-895\" src=\"https:\/\/www.mystisch.net\/blog\/wp-content\/uploads\/2024\/06\/IMG_8604-Verbessert-RR-768x1024.jpg\" alt=\"Haus in der Dillisstra\u00dfe\" width=\"580\" height=\"773\" srcset=\"https:\/\/www.mystisch.net\/blog\/wp-content\/uploads\/2024\/06\/IMG_8604-Verbessert-RR-768x1024.jpg 768w, https:\/\/www.mystisch.net\/blog\/wp-content\/uploads\/2024\/06\/IMG_8604-Verbessert-RR-225x300.jpg 225w, https:\/\/www.mystisch.net\/blog\/wp-content\/uploads\/2024\/06\/IMG_8604-Verbessert-RR-1152x1536.jpg 1152w, https:\/\/www.mystisch.net\/blog\/wp-content\/uploads\/2024\/06\/IMG_8604-Verbessert-RR-1536x2048.jpg 1536w, https:\/\/www.mystisch.net\/blog\/wp-content\/uploads\/2024\/06\/IMG_8604-Verbessert-RR-1200x1600.jpg 1200w, https:\/\/www.mystisch.net\/blog\/wp-content\/uploads\/2024\/06\/IMG_8604-Verbessert-RR.jpg 1920w\" sizes=\"auto, (max-width: 580px) 100vw, 580px\" \/><\/a><figcaption id=\"caption-attachment-895\" class=\"wp-caption-text\">Haus in Schwabing (26.07.2024) \u00a9 Thomas Irlbeck<\/figcaption><\/figure>\n<figure id=\"attachment_896\" aria-describedby=\"caption-attachment-896\" style=\"width: 580px\" class=\"wp-caption alignnone\"><a href=\"https:\/\/www.mystisch.net\/blog\/wp-content\/uploads\/2024\/06\/IMG_8609-Verbessert-RR.jpg\"><img loading=\"lazy\" decoding=\"async\" class=\"size-large wp-image-896\" src=\"https:\/\/www.mystisch.net\/blog\/wp-content\/uploads\/2024\/06\/IMG_8609-Verbessert-RR-1024x768.jpg\" alt=\"Haus in der Dillisstra\u00dfe\" width=\"580\" height=\"435\" srcset=\"https:\/\/www.mystisch.net\/blog\/wp-content\/uploads\/2024\/06\/IMG_8609-Verbessert-RR-1024x768.jpg 1024w, https:\/\/www.mystisch.net\/blog\/wp-content\/uploads\/2024\/06\/IMG_8609-Verbessert-RR-300x225.jpg 300w, https:\/\/www.mystisch.net\/blog\/wp-content\/uploads\/2024\/06\/IMG_8609-Verbessert-RR-768x576.jpg 768w, https:\/\/www.mystisch.net\/blog\/wp-content\/uploads\/2024\/06\/IMG_8609-Verbessert-RR-1536x1152.jpg 1536w, https:\/\/www.mystisch.net\/blog\/wp-content\/uploads\/2024\/06\/IMG_8609-Verbessert-RR-2048x1536.jpg 2048w, https:\/\/www.mystisch.net\/blog\/wp-content\/uploads\/2024\/06\/IMG_8609-Verbessert-RR-1200x900.jpg 1200w, https:\/\/www.mystisch.net\/blog\/wp-content\/uploads\/2024\/06\/IMG_8609-Verbessert-RR-1980x1485.jpg 1980w\" sizes=\"auto, (max-width: 580px) 100vw, 580px\" \/><\/a><figcaption id=\"caption-attachment-896\" class=\"wp-caption-text\">Haus in Schwabing (26.07.2024) \u00a9 Thomas Irlbeck<\/figcaption><\/figure>\n<figure id=\"attachment_894\" aria-describedby=\"caption-attachment-894\" style=\"width: 580px\" class=\"wp-caption alignnone\"><a href=\"https:\/\/www.mystisch.net\/blog\/wp-content\/uploads\/2024\/06\/IMG_8612-Verbessert-RR.jpg\"><img loading=\"lazy\" decoding=\"async\" class=\"size-large wp-image-894\" src=\"https:\/\/www.mystisch.net\/blog\/wp-content\/uploads\/2024\/06\/IMG_8612-Verbessert-RR-1024x768.jpg\" alt=\"Haus in der Dillisstra\u00dfe\" width=\"580\" height=\"435\" srcset=\"https:\/\/www.mystisch.net\/blog\/wp-content\/uploads\/2024\/06\/IMG_8612-Verbessert-RR-1024x768.jpg 1024w, https:\/\/www.mystisch.net\/blog\/wp-content\/uploads\/2024\/06\/IMG_8612-Verbessert-RR-300x225.jpg 300w, https:\/\/www.mystisch.net\/blog\/wp-content\/uploads\/2024\/06\/IMG_8612-Verbessert-RR-768x576.jpg 768w, https:\/\/www.mystisch.net\/blog\/wp-content\/uploads\/2024\/06\/IMG_8612-Verbessert-RR-1536x1152.jpg 1536w, https:\/\/www.mystisch.net\/blog\/wp-content\/uploads\/2024\/06\/IMG_8612-Verbessert-RR-2048x1536.jpg 2048w, https:\/\/www.mystisch.net\/blog\/wp-content\/uploads\/2024\/06\/IMG_8612-Verbessert-RR-1200x900.jpg 1200w, https:\/\/www.mystisch.net\/blog\/wp-content\/uploads\/2024\/06\/IMG_8612-Verbessert-RR-1980x1485.jpg 1980w\" sizes=\"auto, (max-width: 580px) 100vw, 580px\" \/><\/a><figcaption id=\"caption-attachment-894\" class=\"wp-caption-text\">Haus in Schwabing (26.07.2024) \u00a9 Thomas Irlbeck<\/figcaption><\/figure>\n<h3>Waldtrudering<\/h3>\n<p>Das Haus besticht durch das ins Spitzdach integrierte Obergeschoss und die besonderen T\u00fcren und Fenster. Das Haus ist nicht denkmalgesch\u00fctzt. Gegen\u00fcber findet sich die <a href=\"https:\/\/www.mystisch.net\/blog\/die-turnerschule-die-ehemals-schoenste-schule-muenchens\/\">Turnerschule \u2013 die ehemals sch\u00f6nste Schule M\u00fcnchens<\/a>.<\/p>\n<p>In dem Geb\u00e4ude war laut Leserangabe einmal ein Milchladen. In den 1990er-Jahren seien in dem Laden S\u00fc\u00dfigkeiten verkauft worden, was die Eltern der Turnersch\u00fcler nicht sehr toll gefunden haben sollen, sodass der Verkauf schnell wieder eingestellt worden sei.<\/p>\n<figure id=\"attachment_793\" aria-describedby=\"caption-attachment-793\" style=\"width: 580px\" class=\"wp-caption alignnone\"><a href=\"https:\/\/www.mystisch.net\/blog\/wp-content\/uploads\/2024\/06\/IMG_8461-Verbessert-RR.jpg\"><img loading=\"lazy\" decoding=\"async\" class=\"size-large wp-image-793\" src=\"https:\/\/www.mystisch.net\/blog\/wp-content\/uploads\/2024\/06\/IMG_8461-Verbessert-RR-1024x768.jpg\" alt=\"Haus in Waldtrudering\" width=\"580\" height=\"435\" srcset=\"https:\/\/www.mystisch.net\/blog\/wp-content\/uploads\/2024\/06\/IMG_8461-Verbessert-RR-1024x768.jpg 1024w, https:\/\/www.mystisch.net\/blog\/wp-content\/uploads\/2024\/06\/IMG_8461-Verbessert-RR-300x225.jpg 300w, https:\/\/www.mystisch.net\/blog\/wp-content\/uploads\/2024\/06\/IMG_8461-Verbessert-RR-768x576.jpg 768w, https:\/\/www.mystisch.net\/blog\/wp-content\/uploads\/2024\/06\/IMG_8461-Verbessert-RR-1536x1152.jpg 1536w, https:\/\/www.mystisch.net\/blog\/wp-content\/uploads\/2024\/06\/IMG_8461-Verbessert-RR-2048x1536.jpg 2048w, https:\/\/www.mystisch.net\/blog\/wp-content\/uploads\/2024\/06\/IMG_8461-Verbessert-RR-1200x900.jpg 1200w, https:\/\/www.mystisch.net\/blog\/wp-content\/uploads\/2024\/06\/IMG_8461-Verbessert-RR-1980x1485.jpg 1980w\" sizes=\"auto, (max-width: 580px) 100vw, 580px\" \/><\/a><figcaption id=\"caption-attachment-793\" class=\"wp-caption-text\">Haus in Waldtrudering (22.06.2024) \u00a9 Thomas Irlbeck<\/figcaption><\/figure>\n<figure id=\"attachment_792\" aria-describedby=\"caption-attachment-792\" style=\"width: 580px\" class=\"wp-caption alignnone\"><a href=\"https:\/\/www.mystisch.net\/blog\/wp-content\/uploads\/2024\/06\/IMG_8467-Verbessert-RR.jpg\"><img loading=\"lazy\" decoding=\"async\" class=\"size-large wp-image-792\" src=\"https:\/\/www.mystisch.net\/blog\/wp-content\/uploads\/2024\/06\/IMG_8467-Verbessert-RR-1024x768.jpg\" alt=\"Haus in Waldtrudering\" width=\"580\" height=\"435\" srcset=\"https:\/\/www.mystisch.net\/blog\/wp-content\/uploads\/2024\/06\/IMG_8467-Verbessert-RR-1024x768.jpg 1024w, https:\/\/www.mystisch.net\/blog\/wp-content\/uploads\/2024\/06\/IMG_8467-Verbessert-RR-300x225.jpg 300w, https:\/\/www.mystisch.net\/blog\/wp-content\/uploads\/2024\/06\/IMG_8467-Verbessert-RR-768x576.jpg 768w, https:\/\/www.mystisch.net\/blog\/wp-content\/uploads\/2024\/06\/IMG_8467-Verbessert-RR-1536x1152.jpg 1536w, https:\/\/www.mystisch.net\/blog\/wp-content\/uploads\/2024\/06\/IMG_8467-Verbessert-RR-2048x1536.jpg 2048w, https:\/\/www.mystisch.net\/blog\/wp-content\/uploads\/2024\/06\/IMG_8467-Verbessert-RR-1200x900.jpg 1200w, https:\/\/www.mystisch.net\/blog\/wp-content\/uploads\/2024\/06\/IMG_8467-Verbessert-RR-1980x1485.jpg 1980w\" sizes=\"auto, (max-width: 580px) 100vw, 580px\" \/><\/a><figcaption id=\"caption-attachment-792\" class=\"wp-caption-text\">Haus in Waldtrudering (22.06.2024) \u00a9 Thomas Irlbeck<\/figcaption><\/figure>\n<h3>Haus mit Turm in der Au<\/h3>\n<p>Ohlm\u00fcllerstra\u00dfe 2, Ecke Eduard-Schmid-Stra\u00dfe. Der Bayerische Denkmal-Atlas sagt dazu:<\/p>\n<blockquote><p>Mietshaus in Ecklage, f\u00fcnfgeschossiger Satteldachbau mit polygonalem Eckerker in Formen der deutschen Renaissance, 1862, Umgestaltung und Erker von Georg Schneider, 1899; Hausfigur, in Ecknische, wohl 2. H\u00e4lfte 19. Jh.<\/p><\/blockquote>\n<figure id=\"attachment_868\" aria-describedby=\"caption-attachment-868\" style=\"width: 580px\" class=\"wp-caption alignnone\"><a href=\"https:\/\/www.mystisch.net\/blog\/wp-content\/uploads\/2024\/06\/IMG_8089-Verbessert-RR.jpg\"><img loading=\"lazy\" decoding=\"async\" class=\"size-large wp-image-868\" src=\"https:\/\/www.mystisch.net\/blog\/wp-content\/uploads\/2024\/06\/IMG_8089-Verbessert-RR-1024x768.jpg\" alt=\"Haus an der Ohlm\u00fcllerstra\u00dfe\" width=\"580\" height=\"435\" srcset=\"https:\/\/www.mystisch.net\/blog\/wp-content\/uploads\/2024\/06\/IMG_8089-Verbessert-RR-1024x768.jpg 1024w, https:\/\/www.mystisch.net\/blog\/wp-content\/uploads\/2024\/06\/IMG_8089-Verbessert-RR-300x225.jpg 300w, https:\/\/www.mystisch.net\/blog\/wp-content\/uploads\/2024\/06\/IMG_8089-Verbessert-RR-768x576.jpg 768w, https:\/\/www.mystisch.net\/blog\/wp-content\/uploads\/2024\/06\/IMG_8089-Verbessert-RR-1536x1152.jpg 1536w, https:\/\/www.mystisch.net\/blog\/wp-content\/uploads\/2024\/06\/IMG_8089-Verbessert-RR-2048x1536.jpg 2048w, https:\/\/www.mystisch.net\/blog\/wp-content\/uploads\/2024\/06\/IMG_8089-Verbessert-RR-1200x900.jpg 1200w, https:\/\/www.mystisch.net\/blog\/wp-content\/uploads\/2024\/06\/IMG_8089-Verbessert-RR-1980x1485.jpg 1980w\" sizes=\"auto, (max-width: 580px) 100vw, 580px\" \/><\/a><figcaption id=\"caption-attachment-868\" class=\"wp-caption-text\">Haus mit Turm in der Au (30.04.2024) \u00a9 Thomas Irlbeck<\/figcaption><\/figure>\n<figure id=\"attachment_867\" aria-describedby=\"caption-attachment-867\" style=\"width: 580px\" class=\"wp-caption alignnone\"><a href=\"https:\/\/www.mystisch.net\/blog\/wp-content\/uploads\/2024\/06\/IMG_8094-Verbessert-RR.jpg\"><img loading=\"lazy\" decoding=\"async\" class=\"size-large wp-image-867\" src=\"https:\/\/www.mystisch.net\/blog\/wp-content\/uploads\/2024\/06\/IMG_8094-Verbessert-RR-1024x796.jpg\" alt=\"Haus an der Ohlm\u00fcllerstra\u00dfe\" width=\"580\" height=\"451\" srcset=\"https:\/\/www.mystisch.net\/blog\/wp-content\/uploads\/2024\/06\/IMG_8094-Verbessert-RR-1024x796.jpg 1024w, https:\/\/www.mystisch.net\/blog\/wp-content\/uploads\/2024\/06\/IMG_8094-Verbessert-RR-300x233.jpg 300w, https:\/\/www.mystisch.net\/blog\/wp-content\/uploads\/2024\/06\/IMG_8094-Verbessert-RR-768x597.jpg 768w, https:\/\/www.mystisch.net\/blog\/wp-content\/uploads\/2024\/06\/IMG_8094-Verbessert-RR-1536x1195.jpg 1536w, https:\/\/www.mystisch.net\/blog\/wp-content\/uploads\/2024\/06\/IMG_8094-Verbessert-RR-2048x1593.jpg 2048w, https:\/\/www.mystisch.net\/blog\/wp-content\/uploads\/2024\/06\/IMG_8094-Verbessert-RR-1200x933.jpg 1200w, https:\/\/www.mystisch.net\/blog\/wp-content\/uploads\/2024\/06\/IMG_8094-Verbessert-RR-1980x1540.jpg 1980w\" sizes=\"auto, (max-width: 580px) 100vw, 580px\" \/><\/a><figcaption id=\"caption-attachment-867\" class=\"wp-caption-text\">Haus mit Turm in der Au (30.04.2024) \u00a9 Thomas Irlbeck<\/figcaption><\/figure>\n<figure id=\"attachment_866\" aria-describedby=\"caption-attachment-866\" style=\"width: 580px\" class=\"wp-caption alignnone\"><a href=\"https:\/\/www.mystisch.net\/blog\/wp-content\/uploads\/2024\/06\/IMG_8100-Verbessert-RR.jpg\"><img loading=\"lazy\" decoding=\"async\" class=\"size-large wp-image-866\" src=\"https:\/\/www.mystisch.net\/blog\/wp-content\/uploads\/2024\/06\/IMG_8100-Verbessert-RR-1024x768.jpg\" alt=\"Haus an der Ohlm\u00fcllerstra\u00dfe\" width=\"580\" height=\"435\" srcset=\"https:\/\/www.mystisch.net\/blog\/wp-content\/uploads\/2024\/06\/IMG_8100-Verbessert-RR-1024x768.jpg 1024w, https:\/\/www.mystisch.net\/blog\/wp-content\/uploads\/2024\/06\/IMG_8100-Verbessert-RR-300x225.jpg 300w, https:\/\/www.mystisch.net\/blog\/wp-content\/uploads\/2024\/06\/IMG_8100-Verbessert-RR-768x576.jpg 768w, https:\/\/www.mystisch.net\/blog\/wp-content\/uploads\/2024\/06\/IMG_8100-Verbessert-RR-1536x1152.jpg 1536w, https:\/\/www.mystisch.net\/blog\/wp-content\/uploads\/2024\/06\/IMG_8100-Verbessert-RR-2048x1536.jpg 2048w, https:\/\/www.mystisch.net\/blog\/wp-content\/uploads\/2024\/06\/IMG_8100-Verbessert-RR-1200x900.jpg 1200w, https:\/\/www.mystisch.net\/blog\/wp-content\/uploads\/2024\/06\/IMG_8100-Verbessert-RR-1980x1485.jpg 1980w\" sizes=\"auto, (max-width: 580px) 100vw, 580px\" \/><\/a><figcaption id=\"caption-attachment-866\" class=\"wp-caption-text\">Haus mit Turm in der Au (30.04.2024) \u00a9 Thomas Irlbeck<\/figcaption><\/figure>\n<h3>Holzhaus in Berg am Laim<\/h3>\n<p>Wer s\u00e4gt denn da? Sch\u00f6n, dass es solche H\u00e4user noch gibt! Gesehen in Berg am Laim. Es besteht kein Denkmalschutz. Daher konnte ich nicht mehr \u00fcber das H\u00e4uschen rausbekommen.<\/p>\n<figure id=\"attachment_855\" aria-describedby=\"caption-attachment-855\" style=\"width: 580px\" class=\"wp-caption alignnone\"><a href=\"https:\/\/www.mystisch.net\/blog\/wp-content\/uploads\/2024\/06\/IMG_7145-Verbessert-RR.jpg\"><img loading=\"lazy\" decoding=\"async\" class=\"size-large wp-image-855\" src=\"https:\/\/www.mystisch.net\/blog\/wp-content\/uploads\/2024\/06\/IMG_7145-Verbessert-RR-1024x768.jpg\" alt=\"Haus in Berg am Laim\" width=\"580\" height=\"435\" srcset=\"https:\/\/www.mystisch.net\/blog\/wp-content\/uploads\/2024\/06\/IMG_7145-Verbessert-RR-1024x768.jpg 1024w, https:\/\/www.mystisch.net\/blog\/wp-content\/uploads\/2024\/06\/IMG_7145-Verbessert-RR-300x225.jpg 300w, https:\/\/www.mystisch.net\/blog\/wp-content\/uploads\/2024\/06\/IMG_7145-Verbessert-RR-768x576.jpg 768w, https:\/\/www.mystisch.net\/blog\/wp-content\/uploads\/2024\/06\/IMG_7145-Verbessert-RR-1536x1152.jpg 1536w, https:\/\/www.mystisch.net\/blog\/wp-content\/uploads\/2024\/06\/IMG_7145-Verbessert-RR-2048x1536.jpg 2048w, https:\/\/www.mystisch.net\/blog\/wp-content\/uploads\/2024\/06\/IMG_7145-Verbessert-RR-1200x900.jpg 1200w, https:\/\/www.mystisch.net\/blog\/wp-content\/uploads\/2024\/06\/IMG_7145-Verbessert-RR-1980x1485.jpg 1980w\" sizes=\"auto, (max-width: 580px) 100vw, 580px\" \/><\/a><figcaption id=\"caption-attachment-855\" class=\"wp-caption-text\">Haus in Berg am Laim (12.09.2023) \u00a9 Thomas Irlbeck<\/figcaption><\/figure>\n<figure id=\"attachment_854\" aria-describedby=\"caption-attachment-854\" style=\"width: 580px\" class=\"wp-caption alignnone\"><a href=\"https:\/\/www.mystisch.net\/blog\/wp-content\/uploads\/2024\/06\/IMG_7144-Verbessert-RR.jpg\"><img loading=\"lazy\" decoding=\"async\" class=\"size-large wp-image-854\" src=\"https:\/\/www.mystisch.net\/blog\/wp-content\/uploads\/2024\/06\/IMG_7144-Verbessert-RR-1024x1024.jpg\" alt=\"Haus in Berg am Laim\" width=\"580\" height=\"580\" srcset=\"https:\/\/www.mystisch.net\/blog\/wp-content\/uploads\/2024\/06\/IMG_7144-Verbessert-RR-1024x1024.jpg 1024w, https:\/\/www.mystisch.net\/blog\/wp-content\/uploads\/2024\/06\/IMG_7144-Verbessert-RR-300x300.jpg 300w, https:\/\/www.mystisch.net\/blog\/wp-content\/uploads\/2024\/06\/IMG_7144-Verbessert-RR-150x150.jpg 150w, https:\/\/www.mystisch.net\/blog\/wp-content\/uploads\/2024\/06\/IMG_7144-Verbessert-RR-768x768.jpg 768w, https:\/\/www.mystisch.net\/blog\/wp-content\/uploads\/2024\/06\/IMG_7144-Verbessert-RR-1536x1536.jpg 1536w, https:\/\/www.mystisch.net\/blog\/wp-content\/uploads\/2024\/06\/IMG_7144-Verbessert-RR-2048x2048.jpg 2048w, https:\/\/www.mystisch.net\/blog\/wp-content\/uploads\/2024\/06\/IMG_7144-Verbessert-RR-1200x1200.jpg 1200w, https:\/\/www.mystisch.net\/blog\/wp-content\/uploads\/2024\/06\/IMG_7144-Verbessert-RR-1980x1980.jpg 1980w\" sizes=\"auto, (max-width: 580px) 100vw, 580px\" \/><\/a><figcaption id=\"caption-attachment-854\" class=\"wp-caption-text\">Haus in Berg am Laim (12.09.2023) \u00a9 Thomas Irlbeck<\/figcaption><\/figure>\n<h3>Starnberg, Naturheilpraxis<\/h3>\n<p>Der Bayerische Denkmal-Atlas sagt zu dem Haus an der Hanfelder Stra\u00dfe 4:<\/p>\n<blockquote><p>Wohn- und Gesch\u00e4ftshaus, zweigeschossiger Mansardwalmdachbau, Fassade mit reicher Neurenaissance-Putzgliederung und Eisenbalkons, Mittelrisalit mit geschwungenem Giebel, 1891.<\/p><\/blockquote>\n<figure id=\"attachment_801\" aria-describedby=\"caption-attachment-801\" style=\"width: 580px\" class=\"wp-caption alignnone\"><a href=\"https:\/\/www.mystisch.net\/blog\/wp-content\/uploads\/2024\/06\/IMG_6884-Verbessert-RR.jpg\"><img loading=\"lazy\" decoding=\"async\" class=\"size-large wp-image-801\" src=\"https:\/\/www.mystisch.net\/blog\/wp-content\/uploads\/2024\/06\/IMG_6884-Verbessert-RR-1024x640.jpg\" alt=\"Haus in Starnberg, Hanfelder Stra\u00dfe\" width=\"580\" height=\"363\" srcset=\"https:\/\/www.mystisch.net\/blog\/wp-content\/uploads\/2024\/06\/IMG_6884-Verbessert-RR-1024x640.jpg 1024w, https:\/\/www.mystisch.net\/blog\/wp-content\/uploads\/2024\/06\/IMG_6884-Verbessert-RR-300x188.jpg 300w, https:\/\/www.mystisch.net\/blog\/wp-content\/uploads\/2024\/06\/IMG_6884-Verbessert-RR-768x480.jpg 768w, https:\/\/www.mystisch.net\/blog\/wp-content\/uploads\/2024\/06\/IMG_6884-Verbessert-RR-1536x960.jpg 1536w, https:\/\/www.mystisch.net\/blog\/wp-content\/uploads\/2024\/06\/IMG_6884-Verbessert-RR-2048x1280.jpg 2048w, https:\/\/www.mystisch.net\/blog\/wp-content\/uploads\/2024\/06\/IMG_6884-Verbessert-RR-1200x750.jpg 1200w, https:\/\/www.mystisch.net\/blog\/wp-content\/uploads\/2024\/06\/IMG_6884-Verbessert-RR-1980x1238.jpg 1980w\" sizes=\"auto, (max-width: 580px) 100vw, 580px\" \/><\/a><figcaption id=\"caption-attachment-801\" class=\"wp-caption-text\">Haus in Starnberg, Hanfelder Stra\u00dfe (05.09.2023) \u00a9 Thomas Irlbeck<\/figcaption><\/figure>\n<figure id=\"attachment_799\" aria-describedby=\"caption-attachment-799\" style=\"width: 580px\" class=\"wp-caption alignnone\"><a href=\"https:\/\/www.mystisch.net\/blog\/wp-content\/uploads\/2024\/06\/IMG_6881-Verbessert-RR.jpg\"><img loading=\"lazy\" decoding=\"async\" class=\"size-large wp-image-799\" src=\"https:\/\/www.mystisch.net\/blog\/wp-content\/uploads\/2024\/06\/IMG_6881-Verbessert-RR-1024x768.jpg\" alt=\"Haus in Starnberg, Hanfelder Stra\u00dfe\" width=\"580\" height=\"435\" srcset=\"https:\/\/www.mystisch.net\/blog\/wp-content\/uploads\/2024\/06\/IMG_6881-Verbessert-RR-1024x768.jpg 1024w, https:\/\/www.mystisch.net\/blog\/wp-content\/uploads\/2024\/06\/IMG_6881-Verbessert-RR-300x225.jpg 300w, https:\/\/www.mystisch.net\/blog\/wp-content\/uploads\/2024\/06\/IMG_6881-Verbessert-RR-768x576.jpg 768w, https:\/\/www.mystisch.net\/blog\/wp-content\/uploads\/2024\/06\/IMG_6881-Verbessert-RR-1536x1152.jpg 1536w, https:\/\/www.mystisch.net\/blog\/wp-content\/uploads\/2024\/06\/IMG_6881-Verbessert-RR-2048x1536.jpg 2048w, https:\/\/www.mystisch.net\/blog\/wp-content\/uploads\/2024\/06\/IMG_6881-Verbessert-RR-1200x900.jpg 1200w, https:\/\/www.mystisch.net\/blog\/wp-content\/uploads\/2024\/06\/IMG_6881-Verbessert-RR-1980x1485.jpg 1980w\" sizes=\"auto, (max-width: 580px) 100vw, 580px\" \/><\/a><figcaption id=\"caption-attachment-799\" class=\"wp-caption-text\">Haus in Starnberg, Hanfelder Stra\u00dfe (05.09.2023) \u00a9 Thomas Irlbeck<\/figcaption><\/figure>\n<figure id=\"attachment_800\" aria-describedby=\"caption-attachment-800\" style=\"width: 580px\" class=\"wp-caption alignnone\"><a href=\"https:\/\/www.mystisch.net\/blog\/wp-content\/uploads\/2024\/06\/IMG_6883-Verbessert-RR.jpg\"><img loading=\"lazy\" decoding=\"async\" class=\"size-large wp-image-800\" src=\"https:\/\/www.mystisch.net\/blog\/wp-content\/uploads\/2024\/06\/IMG_6883-Verbessert-RR-1024x768.jpg\" alt=\"Haus in Starnberg, Hanfelder Stra\u00dfe\" width=\"580\" height=\"435\" srcset=\"https:\/\/www.mystisch.net\/blog\/wp-content\/uploads\/2024\/06\/IMG_6883-Verbessert-RR-1024x768.jpg 1024w, https:\/\/www.mystisch.net\/blog\/wp-content\/uploads\/2024\/06\/IMG_6883-Verbessert-RR-300x225.jpg 300w, https:\/\/www.mystisch.net\/blog\/wp-content\/uploads\/2024\/06\/IMG_6883-Verbessert-RR-768x576.jpg 768w, https:\/\/www.mystisch.net\/blog\/wp-content\/uploads\/2024\/06\/IMG_6883-Verbessert-RR-1536x1152.jpg 1536w, https:\/\/www.mystisch.net\/blog\/wp-content\/uploads\/2024\/06\/IMG_6883-Verbessert-RR-2048x1536.jpg 2048w, https:\/\/www.mystisch.net\/blog\/wp-content\/uploads\/2024\/06\/IMG_6883-Verbessert-RR-1200x900.jpg 1200w, https:\/\/www.mystisch.net\/blog\/wp-content\/uploads\/2024\/06\/IMG_6883-Verbessert-RR-1980x1485.jpg 1980w\" sizes=\"auto, (max-width: 580px) 100vw, 580px\" \/><\/a><figcaption id=\"caption-attachment-800\" class=\"wp-caption-text\">Haus in Starnberg, Hanfelder Stra\u00dfe (05.09.2023) \u00a9 Thomas Irlbeck<\/figcaption><\/figure>\n<h3>Starnberg, AOK<\/h3>\n<p>AOK an der Wittelsbacherstra\u00dfe 16 in Starnberg. Ein unwahrscheinlich tolles Haus! Schon bemerkenswert, wie herausgeputzt viele AOK-Filialen sind. Der Bayerische Denkmal-Atlas sagt dazu:<\/p>\n<blockquote><p>Verwaltungsgeb\u00e4ude der Allgemeinen Ortskrankenkasse, breit gelagerter, zweigeschossiger Walmdachbau mit Ziergiebel und polygonalen Erkern, reich gestaltete Westfassade, von Hans Kunz, 1929.<\/p><\/blockquote>\n<figure id=\"attachment_805\" aria-describedby=\"caption-attachment-805\" style=\"width: 580px\" class=\"wp-caption alignnone\"><a href=\"https:\/\/www.mystisch.net\/blog\/wp-content\/uploads\/2024\/06\/IMG_6917-Verbessert-RR.jpg\"><img loading=\"lazy\" decoding=\"async\" class=\"size-large wp-image-805\" src=\"https:\/\/www.mystisch.net\/blog\/wp-content\/uploads\/2024\/06\/IMG_6917-Verbessert-RR-1024x768.jpg\" alt=\"Starnberg, AOK\" width=\"580\" height=\"435\" srcset=\"https:\/\/www.mystisch.net\/blog\/wp-content\/uploads\/2024\/06\/IMG_6917-Verbessert-RR-1024x768.jpg 1024w, https:\/\/www.mystisch.net\/blog\/wp-content\/uploads\/2024\/06\/IMG_6917-Verbessert-RR-300x225.jpg 300w, https:\/\/www.mystisch.net\/blog\/wp-content\/uploads\/2024\/06\/IMG_6917-Verbessert-RR-768x576.jpg 768w, https:\/\/www.mystisch.net\/blog\/wp-content\/uploads\/2024\/06\/IMG_6917-Verbessert-RR-1536x1152.jpg 1536w, https:\/\/www.mystisch.net\/blog\/wp-content\/uploads\/2024\/06\/IMG_6917-Verbessert-RR-2048x1536.jpg 2048w, https:\/\/www.mystisch.net\/blog\/wp-content\/uploads\/2024\/06\/IMG_6917-Verbessert-RR-1200x900.jpg 1200w, https:\/\/www.mystisch.net\/blog\/wp-content\/uploads\/2024\/06\/IMG_6917-Verbessert-RR-1980x1485.jpg 1980w\" sizes=\"auto, (max-width: 580px) 100vw, 580px\" \/><\/a><figcaption id=\"caption-attachment-805\" class=\"wp-caption-text\">Starnberg, AOK (05.09.2023) \u00a9 Thomas Irlbeck<\/figcaption><\/figure>\n<figure id=\"attachment_802\" aria-describedby=\"caption-attachment-802\" style=\"width: 580px\" class=\"wp-caption alignnone\"><a href=\"https:\/\/www.mystisch.net\/blog\/wp-content\/uploads\/2024\/06\/IMG_6913-Verbessert-RR.jpg\"><img loading=\"lazy\" decoding=\"async\" class=\"size-large wp-image-802\" src=\"https:\/\/www.mystisch.net\/blog\/wp-content\/uploads\/2024\/06\/IMG_6913-Verbessert-RR-1024x768.jpg\" alt=\"Starnberg, AOK\" width=\"580\" height=\"435\" srcset=\"https:\/\/www.mystisch.net\/blog\/wp-content\/uploads\/2024\/06\/IMG_6913-Verbessert-RR-1024x768.jpg 1024w, https:\/\/www.mystisch.net\/blog\/wp-content\/uploads\/2024\/06\/IMG_6913-Verbessert-RR-300x225.jpg 300w, https:\/\/www.mystisch.net\/blog\/wp-content\/uploads\/2024\/06\/IMG_6913-Verbessert-RR-768x576.jpg 768w, https:\/\/www.mystisch.net\/blog\/wp-content\/uploads\/2024\/06\/IMG_6913-Verbessert-RR-1536x1152.jpg 1536w, https:\/\/www.mystisch.net\/blog\/wp-content\/uploads\/2024\/06\/IMG_6913-Verbessert-RR-2048x1536.jpg 2048w, https:\/\/www.mystisch.net\/blog\/wp-content\/uploads\/2024\/06\/IMG_6913-Verbessert-RR-1200x900.jpg 1200w, https:\/\/www.mystisch.net\/blog\/wp-content\/uploads\/2024\/06\/IMG_6913-Verbessert-RR-1980x1485.jpg 1980w\" sizes=\"auto, (max-width: 580px) 100vw, 580px\" \/><\/a><figcaption id=\"caption-attachment-802\" class=\"wp-caption-text\">Starnberg, AOK (05.09.2023) \u00a9 Thomas Irlbeck<\/figcaption><\/figure>\n<figure id=\"attachment_804\" aria-describedby=\"caption-attachment-804\" style=\"width: 580px\" class=\"wp-caption alignnone\"><a href=\"https:\/\/www.mystisch.net\/blog\/wp-content\/uploads\/2024\/06\/IMG_6915-Verbessert-RR.jpg\"><img loading=\"lazy\" decoding=\"async\" class=\"size-large wp-image-804\" src=\"https:\/\/www.mystisch.net\/blog\/wp-content\/uploads\/2024\/06\/IMG_6915-Verbessert-RR-1024x768.jpg\" alt=\"Starnberg, AOK\" width=\"580\" height=\"435\" srcset=\"https:\/\/www.mystisch.net\/blog\/wp-content\/uploads\/2024\/06\/IMG_6915-Verbessert-RR-1024x768.jpg 1024w, https:\/\/www.mystisch.net\/blog\/wp-content\/uploads\/2024\/06\/IMG_6915-Verbessert-RR-300x225.jpg 300w, https:\/\/www.mystisch.net\/blog\/wp-content\/uploads\/2024\/06\/IMG_6915-Verbessert-RR-768x576.jpg 768w, https:\/\/www.mystisch.net\/blog\/wp-content\/uploads\/2024\/06\/IMG_6915-Verbessert-RR-1536x1152.jpg 1536w, https:\/\/www.mystisch.net\/blog\/wp-content\/uploads\/2024\/06\/IMG_6915-Verbessert-RR-2048x1536.jpg 2048w, https:\/\/www.mystisch.net\/blog\/wp-content\/uploads\/2024\/06\/IMG_6915-Verbessert-RR-1200x900.jpg 1200w, https:\/\/www.mystisch.net\/blog\/wp-content\/uploads\/2024\/06\/IMG_6915-Verbessert-RR-1980x1485.jpg 1980w\" sizes=\"auto, (max-width: 580px) 100vw, 580px\" \/><\/a><figcaption id=\"caption-attachment-804\" class=\"wp-caption-text\">Starnberg, AOK (05.09.2023) \u00a9 Thomas Irlbeck<\/figcaption><\/figure>\n<figure id=\"attachment_803\" aria-describedby=\"caption-attachment-803\" style=\"width: 580px\" class=\"wp-caption alignnone\"><a href=\"https:\/\/www.mystisch.net\/blog\/wp-content\/uploads\/2024\/06\/IMG_6914-Verbessert-RR.jpg\"><img loading=\"lazy\" decoding=\"async\" class=\"size-large wp-image-803\" src=\"https:\/\/www.mystisch.net\/blog\/wp-content\/uploads\/2024\/06\/IMG_6914-Verbessert-RR-1024x768.jpg\" alt=\"Starnberg, AOK\" width=\"580\" height=\"435\" srcset=\"https:\/\/www.mystisch.net\/blog\/wp-content\/uploads\/2024\/06\/IMG_6914-Verbessert-RR-1024x768.jpg 1024w, https:\/\/www.mystisch.net\/blog\/wp-content\/uploads\/2024\/06\/IMG_6914-Verbessert-RR-300x225.jpg 300w, https:\/\/www.mystisch.net\/blog\/wp-content\/uploads\/2024\/06\/IMG_6914-Verbessert-RR-768x576.jpg 768w, https:\/\/www.mystisch.net\/blog\/wp-content\/uploads\/2024\/06\/IMG_6914-Verbessert-RR-1536x1152.jpg 1536w, https:\/\/www.mystisch.net\/blog\/wp-content\/uploads\/2024\/06\/IMG_6914-Verbessert-RR-2048x1536.jpg 2048w, https:\/\/www.mystisch.net\/blog\/wp-content\/uploads\/2024\/06\/IMG_6914-Verbessert-RR-1200x900.jpg 1200w, https:\/\/www.mystisch.net\/blog\/wp-content\/uploads\/2024\/06\/IMG_6914-Verbessert-RR-1980x1485.jpg 1980w\" sizes=\"auto, (max-width: 580px) 100vw, 580px\" \/><\/a><figcaption id=\"caption-attachment-803\" class=\"wp-caption-text\">Hauptstra\u00dfe 6, Ecke Ludwigstra\u00dfe, Starnberg, AOK (05.09.2023) \u00a9 Thomas Irlbeck<\/figcaption><\/figure>\n<h3>Starnberg, Radhaus<\/h3>\n<p>Hauptstra\u00dfe 6, Ecke Ludwigstra\u00dfe. Was f\u00fcr ein tolles Haus, nicht nur weil R\u00e4der verkauft werden! Kein Denkmalschutz.<\/p>\n<figure id=\"attachment_807\" aria-describedby=\"caption-attachment-807\" style=\"width: 580px\" class=\"wp-caption alignnone\"><a href=\"https:\/\/www.mystisch.net\/blog\/wp-content\/uploads\/2024\/06\/IMG_6874-Verbessert-RR.jpg\"><img loading=\"lazy\" decoding=\"async\" class=\"size-large wp-image-807\" src=\"https:\/\/www.mystisch.net\/blog\/wp-content\/uploads\/2024\/06\/IMG_6874-Verbessert-RR-1024x768.jpg\" alt=\"Starnberg, Radhaus\" width=\"580\" height=\"435\" srcset=\"https:\/\/www.mystisch.net\/blog\/wp-content\/uploads\/2024\/06\/IMG_6874-Verbessert-RR-1024x768.jpg 1024w, https:\/\/www.mystisch.net\/blog\/wp-content\/uploads\/2024\/06\/IMG_6874-Verbessert-RR-300x225.jpg 300w, https:\/\/www.mystisch.net\/blog\/wp-content\/uploads\/2024\/06\/IMG_6874-Verbessert-RR-768x576.jpg 768w, https:\/\/www.mystisch.net\/blog\/wp-content\/uploads\/2024\/06\/IMG_6874-Verbessert-RR-1536x1152.jpg 1536w, https:\/\/www.mystisch.net\/blog\/wp-content\/uploads\/2024\/06\/IMG_6874-Verbessert-RR-2048x1536.jpg 2048w, https:\/\/www.mystisch.net\/blog\/wp-content\/uploads\/2024\/06\/IMG_6874-Verbessert-RR-1200x900.jpg 1200w, https:\/\/www.mystisch.net\/blog\/wp-content\/uploads\/2024\/06\/IMG_6874-Verbessert-RR-1980x1485.jpg 1980w\" sizes=\"auto, (max-width: 580px) 100vw, 580px\" \/><\/a><figcaption id=\"caption-attachment-807\" class=\"wp-caption-text\">Starnberg, Radhaus (05.09.2023) \u00a9 Thomas Irlbeck<\/figcaption><\/figure>\n<h3>Schweizer Haus in Waldtrudering (abgerissen)<\/h3>\n<p>Dieses tolle Haus, das an Schweizer Architektur erinnert, habe ich im sommer 2023 in Waldtrudering am Birkhahnweg 6 fotografiert. Schon damals\u00a0 wusste ich, dass das nichtdenkmalgesch\u00fctzte Haus zum Abriss bestimmt war\u00a0 und bereits leer stand. Heute war ich noch mal dort und traf nur noch ein gro\u00dfes Loch im Boden an. Es ist jammerschade um das Haus!<\/p>\n<figure id=\"attachment_881\" aria-describedby=\"caption-attachment-881\" style=\"width: 580px\" class=\"wp-caption alignnone\"><a href=\"https:\/\/www.mystisch.net\/blog\/wp-content\/uploads\/2024\/06\/IMG_6637-Verbessert-RR.jpg\"><img loading=\"lazy\" decoding=\"async\" class=\"size-large wp-image-881\" src=\"https:\/\/www.mystisch.net\/blog\/wp-content\/uploads\/2024\/06\/IMG_6637-Verbessert-RR-1024x768.jpg\" alt=\"Haus am Birkhahnweg\" width=\"580\" height=\"435\" srcset=\"https:\/\/www.mystisch.net\/blog\/wp-content\/uploads\/2024\/06\/IMG_6637-Verbessert-RR-1024x768.jpg 1024w, https:\/\/www.mystisch.net\/blog\/wp-content\/uploads\/2024\/06\/IMG_6637-Verbessert-RR-300x225.jpg 300w, https:\/\/www.mystisch.net\/blog\/wp-content\/uploads\/2024\/06\/IMG_6637-Verbessert-RR-768x576.jpg 768w, https:\/\/www.mystisch.net\/blog\/wp-content\/uploads\/2024\/06\/IMG_6637-Verbessert-RR-1536x1152.jpg 1536w, https:\/\/www.mystisch.net\/blog\/wp-content\/uploads\/2024\/06\/IMG_6637-Verbessert-RR-2048x1536.jpg 2048w, https:\/\/www.mystisch.net\/blog\/wp-content\/uploads\/2024\/06\/IMG_6637-Verbessert-RR-1200x900.jpg 1200w, https:\/\/www.mystisch.net\/blog\/wp-content\/uploads\/2024\/06\/IMG_6637-Verbessert-RR-1980x1485.jpg 1980w\" sizes=\"auto, (max-width: 580px) 100vw, 580px\" \/><\/a><figcaption id=\"caption-attachment-881\" class=\"wp-caption-text\">Ehemaliges Haus am Birkhahnweg (11.08.2023) \u00a9 Thomas Irlbeck<\/figcaption><\/figure>\n<figure id=\"attachment_882\" aria-describedby=\"caption-attachment-882\" style=\"width: 580px\" class=\"wp-caption alignnone\"><a href=\"https:\/\/www.mystisch.net\/blog\/wp-content\/uploads\/2024\/06\/IMG_8519-Verbessert-RR.jpg\"><img loading=\"lazy\" decoding=\"async\" class=\"size-large wp-image-882\" src=\"https:\/\/www.mystisch.net\/blog\/wp-content\/uploads\/2024\/06\/IMG_8519-Verbessert-RR-1024x768.jpg\" alt=\"Haus am Birkhahnweg\" width=\"580\" height=\"435\" srcset=\"https:\/\/www.mystisch.net\/blog\/wp-content\/uploads\/2024\/06\/IMG_8519-Verbessert-RR-1024x768.jpg 1024w, https:\/\/www.mystisch.net\/blog\/wp-content\/uploads\/2024\/06\/IMG_8519-Verbessert-RR-300x225.jpg 300w, https:\/\/www.mystisch.net\/blog\/wp-content\/uploads\/2024\/06\/IMG_8519-Verbessert-RR-768x576.jpg 768w, https:\/\/www.mystisch.net\/blog\/wp-content\/uploads\/2024\/06\/IMG_8519-Verbessert-RR-1536x1152.jpg 1536w, https:\/\/www.mystisch.net\/blog\/wp-content\/uploads\/2024\/06\/IMG_8519-Verbessert-RR-2048x1536.jpg 2048w, https:\/\/www.mystisch.net\/blog\/wp-content\/uploads\/2024\/06\/IMG_8519-Verbessert-RR-1200x900.jpg 1200w, https:\/\/www.mystisch.net\/blog\/wp-content\/uploads\/2024\/06\/IMG_8519-Verbessert-RR-1980x1485.jpg 1980w\" sizes=\"auto, (max-width: 580px) 100vw, 580px\" \/><\/a><figcaption id=\"caption-attachment-882\" class=\"wp-caption-text\">An das Haus erinnert nur noch ein Loch im Boden (01.07.2024) \u00a9 Thomas Irlbeck<\/figcaption><\/figure>\n<h3>Wie die Feuerwehr!<\/h3>\n<p>Das denkmalgesch\u00fctzte Rathaus in Haar bei M\u00fcnchen, Bahnhofstra\u00dfe 7. Zu dem Geb\u00e4udeteil mit der elliptischen Uhr und der begr\u00fcnten Fassade (erstes Foto) wei\u00df der Bayerische Denkmalatlas:<\/p>\n<blockquote><p>Zweigeschossiger Putzbau mit Mansardhalbwalmdach und geschwungenem Zwerchgiebel, nach Pl\u00e4nen von Oberingenieur Fraa\u00df, 1915.<\/p><\/blockquote>\n<p>Bei dem Geb\u00e4udeteil mit dem gro\u00dfen, strahlenf\u00f6rmigen Vorplatz (zweites Foto) f\u00e4llt es einem wie Schuppen von den Augen, wenn man sich auf die gro\u00dfen quadratischen Fenster im Erdgeschoss konzentriert. Ja, das war mal ein Feuerwehrger\u00e4tehaus! Der Bayerische Denkmalatlas sagt dazu:<\/p>\n<blockquote><p>Feuerwehrger\u00e4tehaus, syn. Feuerwehrhaus, syn. Feuerwehrdepot, syn. Spritzenhaus, syn. Spritzenmagazin. Ehem. Feuerwehrhaus, zweigeschossiger Putzbau mit Walmdach, polygonalem Treppenturm und Trockenturm f\u00fcr Feuerwehrschl\u00e4uche mit Zwiebelhauben, von Josef Linder, 1929.<\/p><\/blockquote>\n<figure id=\"attachment_884\" aria-describedby=\"caption-attachment-884\" style=\"width: 580px\" class=\"wp-caption alignnone\"><a href=\"https:\/\/www.mystisch.net\/blog\/wp-content\/uploads\/2024\/06\/IMG_6023-Verbessert-RR.jpg\"><img loading=\"lazy\" decoding=\"async\" class=\"size-large wp-image-884\" src=\"https:\/\/www.mystisch.net\/blog\/wp-content\/uploads\/2024\/06\/IMG_6023-Verbessert-RR-1024x576.jpg\" alt=\"Rathaus in Haar\" width=\"580\" height=\"326\" srcset=\"https:\/\/www.mystisch.net\/blog\/wp-content\/uploads\/2024\/06\/IMG_6023-Verbessert-RR-1024x576.jpg 1024w, https:\/\/www.mystisch.net\/blog\/wp-content\/uploads\/2024\/06\/IMG_6023-Verbessert-RR-300x169.jpg 300w, https:\/\/www.mystisch.net\/blog\/wp-content\/uploads\/2024\/06\/IMG_6023-Verbessert-RR-768x432.jpg 768w, https:\/\/www.mystisch.net\/blog\/wp-content\/uploads\/2024\/06\/IMG_6023-Verbessert-RR-1536x864.jpg 1536w, https:\/\/www.mystisch.net\/blog\/wp-content\/uploads\/2024\/06\/IMG_6023-Verbessert-RR-2048x1152.jpg 2048w, https:\/\/www.mystisch.net\/blog\/wp-content\/uploads\/2024\/06\/IMG_6023-Verbessert-RR-1200x675.jpg 1200w, https:\/\/www.mystisch.net\/blog\/wp-content\/uploads\/2024\/06\/IMG_6023-Verbessert-RR-1980x1114.jpg 1980w\" sizes=\"auto, (max-width: 580px) 100vw, 580px\" \/><\/a><figcaption id=\"caption-attachment-884\" class=\"wp-caption-text\">Rathaus in Haar (19.06.2023) \u00a9 Thomas Irlbeck<\/figcaption><\/figure>\n<figure id=\"attachment_887\" aria-describedby=\"caption-attachment-887\" style=\"width: 580px\" class=\"wp-caption alignnone\"><a href=\"https:\/\/www.mystisch.net\/blog\/wp-content\/uploads\/2024\/06\/IMG_6032-Verbessert-RR.jpg\"><img loading=\"lazy\" decoding=\"async\" class=\"size-large wp-image-887\" src=\"https:\/\/www.mystisch.net\/blog\/wp-content\/uploads\/2024\/06\/IMG_6032-Verbessert-RR-1024x768.jpg\" alt=\"Rathaus in Haar\" width=\"580\" height=\"435\" srcset=\"https:\/\/www.mystisch.net\/blog\/wp-content\/uploads\/2024\/06\/IMG_6032-Verbessert-RR-1024x768.jpg 1024w, https:\/\/www.mystisch.net\/blog\/wp-content\/uploads\/2024\/06\/IMG_6032-Verbessert-RR-300x225.jpg 300w, https:\/\/www.mystisch.net\/blog\/wp-content\/uploads\/2024\/06\/IMG_6032-Verbessert-RR-768x576.jpg 768w, https:\/\/www.mystisch.net\/blog\/wp-content\/uploads\/2024\/06\/IMG_6032-Verbessert-RR-1536x1152.jpg 1536w, https:\/\/www.mystisch.net\/blog\/wp-content\/uploads\/2024\/06\/IMG_6032-Verbessert-RR-2048x1536.jpg 2048w, https:\/\/www.mystisch.net\/blog\/wp-content\/uploads\/2024\/06\/IMG_6032-Verbessert-RR-1200x900.jpg 1200w, https:\/\/www.mystisch.net\/blog\/wp-content\/uploads\/2024\/06\/IMG_6032-Verbessert-RR-1980x1485.jpg 1980w\" sizes=\"auto, (max-width: 580px) 100vw, 580px\" \/><\/a><figcaption id=\"caption-attachment-887\" class=\"wp-caption-text\">Rathaus in Haar \u2013 ehemaliges Feuerwehrhaus (19.06.2023) \u00a9 Thomas Irlbeck<\/figcaption><\/figure>\n<figure id=\"attachment_886\" aria-describedby=\"caption-attachment-886\" style=\"width: 580px\" class=\"wp-caption alignnone\"><a href=\"https:\/\/www.mystisch.net\/blog\/wp-content\/uploads\/2024\/06\/IMG_6027-Verbessert-RR.jpg\"><img loading=\"lazy\" decoding=\"async\" class=\"size-large wp-image-886\" src=\"https:\/\/www.mystisch.net\/blog\/wp-content\/uploads\/2024\/06\/IMG_6027-Verbessert-RR-1024x768.jpg\" alt=\"Rathaus in Haar\" width=\"580\" height=\"435\" srcset=\"https:\/\/www.mystisch.net\/blog\/wp-content\/uploads\/2024\/06\/IMG_6027-Verbessert-RR-1024x768.jpg 1024w, https:\/\/www.mystisch.net\/blog\/wp-content\/uploads\/2024\/06\/IMG_6027-Verbessert-RR-300x225.jpg 300w, https:\/\/www.mystisch.net\/blog\/wp-content\/uploads\/2024\/06\/IMG_6027-Verbessert-RR-768x576.jpg 768w, https:\/\/www.mystisch.net\/blog\/wp-content\/uploads\/2024\/06\/IMG_6027-Verbessert-RR-1536x1152.jpg 1536w, https:\/\/www.mystisch.net\/blog\/wp-content\/uploads\/2024\/06\/IMG_6027-Verbessert-RR-2048x1536.jpg 2048w, https:\/\/www.mystisch.net\/blog\/wp-content\/uploads\/2024\/06\/IMG_6027-Verbessert-RR-1200x900.jpg 1200w, https:\/\/www.mystisch.net\/blog\/wp-content\/uploads\/2024\/06\/IMG_6027-Verbessert-RR-1980x1485.jpg 1980w\" sizes=\"auto, (max-width: 580px) 100vw, 580px\" \/><\/a><figcaption id=\"caption-attachment-886\" class=\"wp-caption-text\">Rathaus in Haar (19.06.2023) \u00a9 Thomas Irlbeck<\/figcaption><\/figure>\n<figure id=\"attachment_888\" aria-describedby=\"caption-attachment-888\" style=\"width: 580px\" class=\"wp-caption alignnone\"><a href=\"https:\/\/www.mystisch.net\/blog\/wp-content\/uploads\/2024\/06\/IMG_6033-Verbessert-RR.jpg\"><img loading=\"lazy\" decoding=\"async\" class=\"size-large wp-image-888\" src=\"https:\/\/www.mystisch.net\/blog\/wp-content\/uploads\/2024\/06\/IMG_6033-Verbessert-RR-1024x768.jpg\" alt=\"Rathaus in Haar\" width=\"580\" height=\"435\" srcset=\"https:\/\/www.mystisch.net\/blog\/wp-content\/uploads\/2024\/06\/IMG_6033-Verbessert-RR-1024x768.jpg 1024w, https:\/\/www.mystisch.net\/blog\/wp-content\/uploads\/2024\/06\/IMG_6033-Verbessert-RR-300x225.jpg 300w, https:\/\/www.mystisch.net\/blog\/wp-content\/uploads\/2024\/06\/IMG_6033-Verbessert-RR-768x576.jpg 768w, https:\/\/www.mystisch.net\/blog\/wp-content\/uploads\/2024\/06\/IMG_6033-Verbessert-RR-1536x1152.jpg 1536w, https:\/\/www.mystisch.net\/blog\/wp-content\/uploads\/2024\/06\/IMG_6033-Verbessert-RR-2048x1536.jpg 2048w, https:\/\/www.mystisch.net\/blog\/wp-content\/uploads\/2024\/06\/IMG_6033-Verbessert-RR-1200x900.jpg 1200w, https:\/\/www.mystisch.net\/blog\/wp-content\/uploads\/2024\/06\/IMG_6033-Verbessert-RR-1980x1485.jpg 1980w\" sizes=\"auto, (max-width: 580px) 100vw, 580px\" \/><\/a><figcaption id=\"caption-attachment-888\" class=\"wp-caption-text\">Rathaus in Haar (19.06.2023) \u00a9 Thomas Irlbeck<\/figcaption><\/figure>\n<figure id=\"attachment_889\" aria-describedby=\"caption-attachment-889\" style=\"width: 580px\" class=\"wp-caption alignnone\"><a href=\"https:\/\/www.mystisch.net\/blog\/wp-content\/uploads\/2024\/06\/IMG_6035-Verbessert-RR.jpg\"><img loading=\"lazy\" decoding=\"async\" class=\"size-large wp-image-889\" src=\"https:\/\/www.mystisch.net\/blog\/wp-content\/uploads\/2024\/06\/IMG_6035-Verbessert-RR-1024x768.jpg\" alt=\"Rathaus in Haar\" width=\"580\" height=\"435\" srcset=\"https:\/\/www.mystisch.net\/blog\/wp-content\/uploads\/2024\/06\/IMG_6035-Verbessert-RR-1024x768.jpg 1024w, https:\/\/www.mystisch.net\/blog\/wp-content\/uploads\/2024\/06\/IMG_6035-Verbessert-RR-300x225.jpg 300w, https:\/\/www.mystisch.net\/blog\/wp-content\/uploads\/2024\/06\/IMG_6035-Verbessert-RR-768x576.jpg 768w, https:\/\/www.mystisch.net\/blog\/wp-content\/uploads\/2024\/06\/IMG_6035-Verbessert-RR-1536x1152.jpg 1536w, https:\/\/www.mystisch.net\/blog\/wp-content\/uploads\/2024\/06\/IMG_6035-Verbessert-RR-2048x1536.jpg 2048w, https:\/\/www.mystisch.net\/blog\/wp-content\/uploads\/2024\/06\/IMG_6035-Verbessert-RR-1200x900.jpg 1200w, https:\/\/www.mystisch.net\/blog\/wp-content\/uploads\/2024\/06\/IMG_6035-Verbessert-RR-1980x1485.jpg 1980w\" sizes=\"auto, (max-width: 580px) 100vw, 580px\" \/><\/a><figcaption id=\"caption-attachment-889\" class=\"wp-caption-text\">Rathaus in Haar (19.06.2023) \u00a9 Thomas Irlbeck<\/figcaption><\/figure>\n<figure id=\"attachment_885\" aria-describedby=\"caption-attachment-885\" style=\"width: 580px\" class=\"wp-caption alignnone\"><a href=\"https:\/\/www.mystisch.net\/blog\/wp-content\/uploads\/2024\/06\/IMG_6024-Verbessert-RR.jpg\"><img loading=\"lazy\" decoding=\"async\" class=\"size-large wp-image-885\" src=\"https:\/\/www.mystisch.net\/blog\/wp-content\/uploads\/2024\/06\/IMG_6024-Verbessert-RR-1024x768.jpg\" alt=\"Rathaus in Haar\" width=\"580\" height=\"435\" srcset=\"https:\/\/www.mystisch.net\/blog\/wp-content\/uploads\/2024\/06\/IMG_6024-Verbessert-RR-1024x768.jpg 1024w, https:\/\/www.mystisch.net\/blog\/wp-content\/uploads\/2024\/06\/IMG_6024-Verbessert-RR-300x225.jpg 300w, https:\/\/www.mystisch.net\/blog\/wp-content\/uploads\/2024\/06\/IMG_6024-Verbessert-RR-768x576.jpg 768w, https:\/\/www.mystisch.net\/blog\/wp-content\/uploads\/2024\/06\/IMG_6024-Verbessert-RR-1536x1152.jpg 1536w, https:\/\/www.mystisch.net\/blog\/wp-content\/uploads\/2024\/06\/IMG_6024-Verbessert-RR-2048x1536.jpg 2048w, https:\/\/www.mystisch.net\/blog\/wp-content\/uploads\/2024\/06\/IMG_6024-Verbessert-RR-1200x900.jpg 1200w, https:\/\/www.mystisch.net\/blog\/wp-content\/uploads\/2024\/06\/IMG_6024-Verbessert-RR-1980x1485.jpg 1980w\" sizes=\"auto, (max-width: 580px) 100vw, 580px\" \/><\/a><figcaption id=\"caption-attachment-885\" class=\"wp-caption-text\">Elliptische Uhr (19.06.2023) \u00a9 Thomas Irlbeck<\/figcaption><\/figure>\n<h3>Stock drauf im Glockenbachviertel<\/h3>\n<p>Um zus\u00e4tzlichen Wohnraum zu schaffen, wurden speziell im Stadtbezirk Ludwigsvorstadt-Isarvorstadt (zu dem das Glockenbachviertel geh\u00f6rt) diverse Geb\u00e4ude nach dem Zweiten Weltkrieg aufgestockt. In aller Regel ist das durch die schlichtere Fassadengestaltung des obersten Stockwerks gut zu sehen. So auch bei dem Doppelhausblock Wittelsbacherstra\u00dfe 17\/18, den wir hier besuchen. Der Bayerische Denkmal-Atlas sagt dazu:<\/p>\n<blockquote><p>Mietshaus, syn. Miethaus, syn. Zinshaus<br \/>\nMietshaus, ehemals viergeschossig, Eckbau mit Fassadengliederung im Stil der deutschen Neurenaissance, mit Flacherker und polygonalem, turmartigem Eckerker, Balkonen, geb\u00e4ndertem Erdgeschoss und Putzdekor, von Fritz Hessemer und Johannes Schmidt, 1899, nach dem Zweiten Weltkrieg um ein Geschoss erh\u00f6ht.<\/p><\/blockquote>\n<figure id=\"attachment_853\" aria-describedby=\"caption-attachment-853\" style=\"width: 580px\" class=\"wp-caption alignnone\"><a href=\"https:\/\/www.mystisch.net\/blog\/wp-content\/uploads\/2024\/06\/IMG_5959-Verbessert-RR.jpg\"><img loading=\"lazy\" decoding=\"async\" class=\"size-large wp-image-853\" src=\"https:\/\/www.mystisch.net\/blog\/wp-content\/uploads\/2024\/06\/IMG_5959-Verbessert-RR-1024x888.jpg\" alt=\"Haus an der Wittelsbacherstra\u00dfe\" width=\"580\" height=\"503\" srcset=\"https:\/\/www.mystisch.net\/blog\/wp-content\/uploads\/2024\/06\/IMG_5959-Verbessert-RR-1024x888.jpg 1024w, https:\/\/www.mystisch.net\/blog\/wp-content\/uploads\/2024\/06\/IMG_5959-Verbessert-RR-300x260.jpg 300w, https:\/\/www.mystisch.net\/blog\/wp-content\/uploads\/2024\/06\/IMG_5959-Verbessert-RR-768x666.jpg 768w, https:\/\/www.mystisch.net\/blog\/wp-content\/uploads\/2024\/06\/IMG_5959-Verbessert-RR-1536x1331.jpg 1536w, https:\/\/www.mystisch.net\/blog\/wp-content\/uploads\/2024\/06\/IMG_5959-Verbessert-RR-2048x1775.jpg 2048w, https:\/\/www.mystisch.net\/blog\/wp-content\/uploads\/2024\/06\/IMG_5959-Verbessert-RR-1200x1040.jpg 1200w, https:\/\/www.mystisch.net\/blog\/wp-content\/uploads\/2024\/06\/IMG_5959-Verbessert-RR-1980x1716.jpg 1980w\" sizes=\"auto, (max-width: 580px) 100vw, 580px\" \/><\/a><figcaption id=\"caption-attachment-853\" class=\"wp-caption-text\">Haus an der Wittelsbacherstra\u00dfe (12.06.2023) \u00a9 Thomas Irlbeck<\/figcaption><\/figure>\n<h3>Belvedere-Villa in Thalkirchen<\/h3>\n<p>Wir sehen eine besonders sch\u00f6ne Villa in Thalkirchen mit sehr speziellem Panorama-Dachaufbau (Belvedere) an der Wolfratshauser Stra\u00dfe 42, Ecke Irschenhauser Stra\u00dfe. Der Bayerische Denkmalatlas wei\u00df dazu Folgendes:<\/p>\n<blockquote><p>Villa, zweigeschossiger Walmdachbau in Ecklage mit Belvedere, Schweifgiebel, Flacherker und Anbauten, Putzfassade im Reformstil mit Gurtgesims, von Otto Dix, 1899.<\/p><\/blockquote>\n<figure id=\"attachment_863\" aria-describedby=\"caption-attachment-863\" style=\"width: 580px\" class=\"wp-caption alignnone\"><a href=\"https:\/\/www.mystisch.net\/blog\/wp-content\/uploads\/2024\/06\/IMG_5951-Verbessert-RR.jpg\"><img loading=\"lazy\" decoding=\"async\" class=\"size-large wp-image-863\" src=\"https:\/\/www.mystisch.net\/blog\/wp-content\/uploads\/2024\/06\/IMG_5951-Verbessert-RR-1024x768.jpg\" alt=\"Haus an der Wolfratshauser Stra\u00dfe\" width=\"580\" height=\"435\" srcset=\"https:\/\/www.mystisch.net\/blog\/wp-content\/uploads\/2024\/06\/IMG_5951-Verbessert-RR-1024x768.jpg 1024w, https:\/\/www.mystisch.net\/blog\/wp-content\/uploads\/2024\/06\/IMG_5951-Verbessert-RR-300x225.jpg 300w, https:\/\/www.mystisch.net\/blog\/wp-content\/uploads\/2024\/06\/IMG_5951-Verbessert-RR-768x576.jpg 768w, https:\/\/www.mystisch.net\/blog\/wp-content\/uploads\/2024\/06\/IMG_5951-Verbessert-RR-1536x1152.jpg 1536w, https:\/\/www.mystisch.net\/blog\/wp-content\/uploads\/2024\/06\/IMG_5951-Verbessert-RR-2048x1536.jpg 2048w, https:\/\/www.mystisch.net\/blog\/wp-content\/uploads\/2024\/06\/IMG_5951-Verbessert-RR-1200x900.jpg 1200w, https:\/\/www.mystisch.net\/blog\/wp-content\/uploads\/2024\/06\/IMG_5951-Verbessert-RR-1980x1485.jpg 1980w\" sizes=\"auto, (max-width: 580px) 100vw, 580px\" \/><\/a><figcaption id=\"caption-attachment-863\" class=\"wp-caption-text\">Haus an der Wolfratshauser Stra\u00dfe (12.06.2023) \u00a9 Thomas Irlbeck<\/figcaption><\/figure>\n<figure id=\"attachment_864\" aria-describedby=\"caption-attachment-864\" style=\"width: 580px\" class=\"wp-caption alignnone\"><a href=\"https:\/\/www.mystisch.net\/blog\/wp-content\/uploads\/2024\/06\/IMG_5945-Verbessert-RR.jpg\"><img loading=\"lazy\" decoding=\"async\" class=\"size-large wp-image-864\" src=\"https:\/\/www.mystisch.net\/blog\/wp-content\/uploads\/2024\/06\/IMG_5945-Verbessert-RR-1024x768.jpg\" alt=\"Haus an der Wolfratshauser Stra\u00dfe\" width=\"580\" height=\"435\" srcset=\"https:\/\/www.mystisch.net\/blog\/wp-content\/uploads\/2024\/06\/IMG_5945-Verbessert-RR-1024x768.jpg 1024w, https:\/\/www.mystisch.net\/blog\/wp-content\/uploads\/2024\/06\/IMG_5945-Verbessert-RR-300x225.jpg 300w, https:\/\/www.mystisch.net\/blog\/wp-content\/uploads\/2024\/06\/IMG_5945-Verbessert-RR-768x576.jpg 768w, https:\/\/www.mystisch.net\/blog\/wp-content\/uploads\/2024\/06\/IMG_5945-Verbessert-RR-1536x1152.jpg 1536w, https:\/\/www.mystisch.net\/blog\/wp-content\/uploads\/2024\/06\/IMG_5945-Verbessert-RR-2048x1536.jpg 2048w, https:\/\/www.mystisch.net\/blog\/wp-content\/uploads\/2024\/06\/IMG_5945-Verbessert-RR-1200x900.jpg 1200w, https:\/\/www.mystisch.net\/blog\/wp-content\/uploads\/2024\/06\/IMG_5945-Verbessert-RR-1980x1485.jpg 1980w\" sizes=\"auto, (max-width: 580px) 100vw, 580px\" \/><\/a><figcaption id=\"caption-attachment-864\" class=\"wp-caption-text\">Haus an der Wolfratshauser Stra\u00dfe (12.06.2023) \u00a9 Thomas Irlbeck<\/figcaption><\/figure>\n<figure id=\"attachment_862\" aria-describedby=\"caption-attachment-862\" style=\"width: 580px\" class=\"wp-caption alignnone\"><a href=\"https:\/\/www.mystisch.net\/blog\/wp-content\/uploads\/2024\/06\/IMG_5953-Verbessert-RR.jpg\"><img loading=\"lazy\" decoding=\"async\" class=\"size-large wp-image-862\" src=\"https:\/\/www.mystisch.net\/blog\/wp-content\/uploads\/2024\/06\/IMG_5953-Verbessert-RR-1024x725.jpg\" alt=\"Haus an der Wolfratshauser Stra\u00dfe\" width=\"580\" height=\"411\" srcset=\"https:\/\/www.mystisch.net\/blog\/wp-content\/uploads\/2024\/06\/IMG_5953-Verbessert-RR-1024x725.jpg 1024w, https:\/\/www.mystisch.net\/blog\/wp-content\/uploads\/2024\/06\/IMG_5953-Verbessert-RR-300x212.jpg 300w, https:\/\/www.mystisch.net\/blog\/wp-content\/uploads\/2024\/06\/IMG_5953-Verbessert-RR-768x544.jpg 768w, https:\/\/www.mystisch.net\/blog\/wp-content\/uploads\/2024\/06\/IMG_5953-Verbessert-RR-1536x1087.jpg 1536w, https:\/\/www.mystisch.net\/blog\/wp-content\/uploads\/2024\/06\/IMG_5953-Verbessert-RR-2048x1450.jpg 2048w, https:\/\/www.mystisch.net\/blog\/wp-content\/uploads\/2024\/06\/IMG_5953-Verbessert-RR-1200x849.jpg 1200w, https:\/\/www.mystisch.net\/blog\/wp-content\/uploads\/2024\/06\/IMG_5953-Verbessert-RR-1980x1401.jpg 1980w\" sizes=\"auto, (max-width: 580px) 100vw, 580px\" \/><\/a><figcaption id=\"caption-attachment-862\" class=\"wp-caption-text\">Haus an der Wolfratshauser Stra\u00dfe (12.06.2023) \u00a9 Thomas Irlbeck<\/figcaption><\/figure>\n<h3>Bogenhausen, K\u00e4fer-Haus<\/h3>\n<p>Haidhausen, Prinzregentenstra\u00dfe 73, realisiert als Eckbau zur Trogerstra\u00dfe 48 hin. Der Bayerische Denkmal-Atlas sagt dazu:<\/p>\n<blockquote><p>Mietshaus in Ecklage, viergeschossiger Mansarddachbau mit Erkern, Zwerchgiebeln, Eckerkerturm mit Kuppel und reicher Gliederung und Dekoration, in Formen der deutschen Renaissance, von Lorenz Krieg, 1904; bauliche Gruppe mit Trogerstra\u00dfe 48.<\/p><\/blockquote>\n<figure id=\"attachment_826\" aria-describedby=\"caption-attachment-826\" style=\"width: 580px\" class=\"wp-caption alignnone\"><a href=\"https:\/\/www.mystisch.net\/blog\/wp-content\/uploads\/2024\/06\/IMG_2964-Verbessert-RR.jpg\"><img loading=\"lazy\" decoding=\"async\" class=\"size-large wp-image-826\" src=\"https:\/\/www.mystisch.net\/blog\/wp-content\/uploads\/2024\/06\/IMG_2964-Verbessert-RR-1024x768.jpg\" alt=\"K\u00e4fer-Haus, Prinzrentenstra\u00dfe\" width=\"580\" height=\"435\" srcset=\"https:\/\/www.mystisch.net\/blog\/wp-content\/uploads\/2024\/06\/IMG_2964-Verbessert-RR-1024x768.jpg 1024w, https:\/\/www.mystisch.net\/blog\/wp-content\/uploads\/2024\/06\/IMG_2964-Verbessert-RR-300x225.jpg 300w, https:\/\/www.mystisch.net\/blog\/wp-content\/uploads\/2024\/06\/IMG_2964-Verbessert-RR-768x576.jpg 768w, https:\/\/www.mystisch.net\/blog\/wp-content\/uploads\/2024\/06\/IMG_2964-Verbessert-RR-1536x1152.jpg 1536w, https:\/\/www.mystisch.net\/blog\/wp-content\/uploads\/2024\/06\/IMG_2964-Verbessert-RR-2048x1536.jpg 2048w, https:\/\/www.mystisch.net\/blog\/wp-content\/uploads\/2024\/06\/IMG_2964-Verbessert-RR-1200x900.jpg 1200w, https:\/\/www.mystisch.net\/blog\/wp-content\/uploads\/2024\/06\/IMG_2964-Verbessert-RR-1980x1485.jpg 1980w\" sizes=\"auto, (max-width: 580px) 100vw, 580px\" \/><\/a><figcaption id=\"caption-attachment-826\" class=\"wp-caption-text\">K\u00e4fer-Haus, Prinzrentenstra\u00dfe (09.08.2022) \u00a9 Thomas Irlbeck<\/figcaption><\/figure>\n<figure id=\"attachment_827\" aria-describedby=\"caption-attachment-827\" style=\"width: 580px\" class=\"wp-caption alignnone\"><a href=\"https:\/\/www.mystisch.net\/blog\/wp-content\/uploads\/2024\/06\/IMG_2971-Verbessert-RR.jpg\"><img loading=\"lazy\" decoding=\"async\" class=\"size-large wp-image-827\" src=\"https:\/\/www.mystisch.net\/blog\/wp-content\/uploads\/2024\/06\/IMG_2971-Verbessert-RR-1024x768.jpg\" alt=\"K\u00e4fer-Haus, Prinzrentenstra\u00dfe\" width=\"580\" height=\"435\" srcset=\"https:\/\/www.mystisch.net\/blog\/wp-content\/uploads\/2024\/06\/IMG_2971-Verbessert-RR-1024x768.jpg 1024w, https:\/\/www.mystisch.net\/blog\/wp-content\/uploads\/2024\/06\/IMG_2971-Verbessert-RR-300x225.jpg 300w, https:\/\/www.mystisch.net\/blog\/wp-content\/uploads\/2024\/06\/IMG_2971-Verbessert-RR-768x576.jpg 768w, https:\/\/www.mystisch.net\/blog\/wp-content\/uploads\/2024\/06\/IMG_2971-Verbessert-RR-1536x1152.jpg 1536w, https:\/\/www.mystisch.net\/blog\/wp-content\/uploads\/2024\/06\/IMG_2971-Verbessert-RR-2048x1536.jpg 2048w, https:\/\/www.mystisch.net\/blog\/wp-content\/uploads\/2024\/06\/IMG_2971-Verbessert-RR-1200x900.jpg 1200w, https:\/\/www.mystisch.net\/blog\/wp-content\/uploads\/2024\/06\/IMG_2971-Verbessert-RR-1980x1485.jpg 1980w\" sizes=\"auto, (max-width: 580px) 100vw, 580px\" \/><\/a><figcaption id=\"caption-attachment-827\" class=\"wp-caption-text\">K\u00e4fer-Haus, Prinzrentenstra\u00dfe (09.08.2022) \u00a9 Thomas Irlbeck<\/figcaption><\/figure>\n<figure id=\"attachment_828\" aria-describedby=\"caption-attachment-828\" style=\"width: 580px\" class=\"wp-caption alignnone\"><a href=\"https:\/\/www.mystisch.net\/blog\/wp-content\/uploads\/2024\/06\/IMG_2973-Verbessert-RR.jpg\"><img loading=\"lazy\" decoding=\"async\" class=\"size-large wp-image-828\" src=\"https:\/\/www.mystisch.net\/blog\/wp-content\/uploads\/2024\/06\/IMG_2973-Verbessert-RR-1024x768.jpg\" alt=\"K\u00e4fer-Haus, Prinzrentenstra\u00dfe\" width=\"580\" height=\"435\" srcset=\"https:\/\/www.mystisch.net\/blog\/wp-content\/uploads\/2024\/06\/IMG_2973-Verbessert-RR-1024x768.jpg 1024w, https:\/\/www.mystisch.net\/blog\/wp-content\/uploads\/2024\/06\/IMG_2973-Verbessert-RR-300x225.jpg 300w, https:\/\/www.mystisch.net\/blog\/wp-content\/uploads\/2024\/06\/IMG_2973-Verbessert-RR-768x576.jpg 768w, https:\/\/www.mystisch.net\/blog\/wp-content\/uploads\/2024\/06\/IMG_2973-Verbessert-RR-1536x1152.jpg 1536w, https:\/\/www.mystisch.net\/blog\/wp-content\/uploads\/2024\/06\/IMG_2973-Verbessert-RR-2048x1536.jpg 2048w, https:\/\/www.mystisch.net\/blog\/wp-content\/uploads\/2024\/06\/IMG_2973-Verbessert-RR-1200x900.jpg 1200w, https:\/\/www.mystisch.net\/blog\/wp-content\/uploads\/2024\/06\/IMG_2973-Verbessert-RR-1980x1485.jpg 1980w\" sizes=\"auto, (max-width: 580px) 100vw, 580px\" \/><\/a><figcaption id=\"caption-attachment-828\" class=\"wp-caption-text\">K\u00e4fer-Haus, Prinzrentenstra\u00dfe (09.08.2022) \u00a9 Thomas Irlbeck<\/figcaption><\/figure>\n<h3>Haus in Bogenhausen<\/h3>\n<p>Ismaninger Stra\u00dfe 102-106, Ecke Sternwartstra\u00dfe. Der Bayerische Denkmal-Atlas sagt dazu:<\/p>\n<blockquote><p>Mietshausblock, viergeschossiger putzgegliederter Mansardwalmdach-Eckblock in barockisierenden Jugendstilformen mit Eckerkern, Balkons, Zwerchh\u00e4usern und Stuckdekor, von Oswald Schiller, 1910\/11.<\/p><\/blockquote>\n<figure id=\"attachment_822\" aria-describedby=\"caption-attachment-822\" style=\"width: 580px\" class=\"wp-caption alignnone\"><a href=\"https:\/\/www.mystisch.net\/blog\/wp-content\/uploads\/2024\/06\/IMG_2952-Verbessert-RR.jpg\"><img loading=\"lazy\" decoding=\"async\" class=\"size-large wp-image-822\" src=\"https:\/\/www.mystisch.net\/blog\/wp-content\/uploads\/2024\/06\/IMG_2952-Verbessert-RR-1024x815.jpg\" alt=\"Haus an der Ismaninger Stra\u00dfe\" width=\"580\" height=\"462\" srcset=\"https:\/\/www.mystisch.net\/blog\/wp-content\/uploads\/2024\/06\/IMG_2952-Verbessert-RR-1024x815.jpg 1024w, https:\/\/www.mystisch.net\/blog\/wp-content\/uploads\/2024\/06\/IMG_2952-Verbessert-RR-300x239.jpg 300w, https:\/\/www.mystisch.net\/blog\/wp-content\/uploads\/2024\/06\/IMG_2952-Verbessert-RR-768x611.jpg 768w, https:\/\/www.mystisch.net\/blog\/wp-content\/uploads\/2024\/06\/IMG_2952-Verbessert-RR-1536x1222.jpg 1536w, https:\/\/www.mystisch.net\/blog\/wp-content\/uploads\/2024\/06\/IMG_2952-Verbessert-RR-2048x1630.jpg 2048w, https:\/\/www.mystisch.net\/blog\/wp-content\/uploads\/2024\/06\/IMG_2952-Verbessert-RR-1200x955.jpg 1200w, https:\/\/www.mystisch.net\/blog\/wp-content\/uploads\/2024\/06\/IMG_2952-Verbessert-RR-1980x1575.jpg 1980w\" sizes=\"auto, (max-width: 580px) 100vw, 580px\" \/><\/a><figcaption id=\"caption-attachment-822\" class=\"wp-caption-text\">Haus an der Ismaninger Stra\u00dfe (09.08.2022) \u00a9 Thomas Irlbeck<\/figcaption><\/figure>\n<figure id=\"attachment_821\" aria-describedby=\"caption-attachment-821\" style=\"width: 580px\" class=\"wp-caption alignnone\"><a href=\"https:\/\/www.mystisch.net\/blog\/wp-content\/uploads\/2024\/06\/IMG_2943-Verbessert-RR.jpg\"><img loading=\"lazy\" decoding=\"async\" class=\"size-large wp-image-821\" src=\"https:\/\/www.mystisch.net\/blog\/wp-content\/uploads\/2024\/06\/IMG_2943-Verbessert-RR-1024x844.jpg\" alt=\"Haus an der Ismaninger Stra\u00dfe\" width=\"580\" height=\"478\" srcset=\"https:\/\/www.mystisch.net\/blog\/wp-content\/uploads\/2024\/06\/IMG_2943-Verbessert-RR-1024x844.jpg 1024w, https:\/\/www.mystisch.net\/blog\/wp-content\/uploads\/2024\/06\/IMG_2943-Verbessert-RR-300x247.jpg 300w, https:\/\/www.mystisch.net\/blog\/wp-content\/uploads\/2024\/06\/IMG_2943-Verbessert-RR-768x633.jpg 768w, https:\/\/www.mystisch.net\/blog\/wp-content\/uploads\/2024\/06\/IMG_2943-Verbessert-RR-1536x1266.jpg 1536w, https:\/\/www.mystisch.net\/blog\/wp-content\/uploads\/2024\/06\/IMG_2943-Verbessert-RR-2048x1688.jpg 2048w, https:\/\/www.mystisch.net\/blog\/wp-content\/uploads\/2024\/06\/IMG_2943-Verbessert-RR-1200x989.jpg 1200w, https:\/\/www.mystisch.net\/blog\/wp-content\/uploads\/2024\/06\/IMG_2943-Verbessert-RR-1980x1632.jpg 1980w\" sizes=\"auto, (max-width: 580px) 100vw, 580px\" \/><\/a><figcaption id=\"caption-attachment-821\" class=\"wp-caption-text\">Haus an der Ismaninger Stra\u00dfe (09.08.2022) \u00a9 Thomas Irlbeck<\/figcaption><\/figure>\n<h3>Jugendstilbau in Bogenhausen<\/h3>\n<p>Was es in M\u00fcnchen doch f\u00fcr architektonische Schmuckst\u00fccke gibt! Haus an der Holbeinstra\u00dfe 6, Ecke Friedrich-Herschel-Stra\u00dfe. Der Bayerische Denkmal-Atlas sagt dazu:<\/p>\n<blockquote><p>Mietshaus, viergeschossiger putzgegliederter Jugendstilbau mit durch Risalit und Zwerchhaus betonter Mittelachse sowie plastischem und mosaiziertem Dekor, von Sigmund Waidenschlager und Max Kirschner, 1907; Einfriedung, Pfeilerzaun, um 1907.<\/p><\/blockquote>\n<figure id=\"attachment_834\" aria-describedby=\"caption-attachment-834\" style=\"width: 580px\" class=\"wp-caption alignnone\"><a href=\"https:\/\/www.mystisch.net\/blog\/wp-content\/uploads\/2024\/06\/IMG_2962-Verbessert-RR.jpg\"><img loading=\"lazy\" decoding=\"async\" class=\"size-large wp-image-834\" src=\"https:\/\/www.mystisch.net\/blog\/wp-content\/uploads\/2024\/06\/IMG_2962-Verbessert-RR-1024x784.jpg\" alt=\"Haus an der Holbeinstra\u00dfe\" width=\"580\" height=\"444\" srcset=\"https:\/\/www.mystisch.net\/blog\/wp-content\/uploads\/2024\/06\/IMG_2962-Verbessert-RR-1024x784.jpg 1024w, https:\/\/www.mystisch.net\/blog\/wp-content\/uploads\/2024\/06\/IMG_2962-Verbessert-RR-300x230.jpg 300w, https:\/\/www.mystisch.net\/blog\/wp-content\/uploads\/2024\/06\/IMG_2962-Verbessert-RR-768x588.jpg 768w, https:\/\/www.mystisch.net\/blog\/wp-content\/uploads\/2024\/06\/IMG_2962-Verbessert-RR-1536x1177.jpg 1536w, https:\/\/www.mystisch.net\/blog\/wp-content\/uploads\/2024\/06\/IMG_2962-Verbessert-RR-2048x1569.jpg 2048w, https:\/\/www.mystisch.net\/blog\/wp-content\/uploads\/2024\/06\/IMG_2962-Verbessert-RR-1200x919.jpg 1200w, https:\/\/www.mystisch.net\/blog\/wp-content\/uploads\/2024\/06\/IMG_2962-Verbessert-RR-1980x1517.jpg 1980w\" sizes=\"auto, (max-width: 580px) 100vw, 580px\" \/><\/a><figcaption id=\"caption-attachment-834\" class=\"wp-caption-text\">Haus an der Holbeinstra\u00dfe (09.08.2022) \u00a9 Thomas Irlbeck<\/figcaption><\/figure>\n<figure id=\"attachment_832\" aria-describedby=\"caption-attachment-832\" style=\"width: 580px\" class=\"wp-caption alignnone\"><a href=\"https:\/\/www.mystisch.net\/blog\/wp-content\/uploads\/2024\/06\/IMG_2958-Verbessert-RR.jpg\"><img loading=\"lazy\" decoding=\"async\" class=\"size-large wp-image-832\" src=\"https:\/\/www.mystisch.net\/blog\/wp-content\/uploads\/2024\/06\/IMG_2958-Verbessert-RR-1024x768.jpg\" alt=\"Haus an der Holbeinstra\u00dfe\" width=\"580\" height=\"435\" srcset=\"https:\/\/www.mystisch.net\/blog\/wp-content\/uploads\/2024\/06\/IMG_2958-Verbessert-RR-1024x768.jpg 1024w, https:\/\/www.mystisch.net\/blog\/wp-content\/uploads\/2024\/06\/IMG_2958-Verbessert-RR-300x225.jpg 300w, https:\/\/www.mystisch.net\/blog\/wp-content\/uploads\/2024\/06\/IMG_2958-Verbessert-RR-768x576.jpg 768w, https:\/\/www.mystisch.net\/blog\/wp-content\/uploads\/2024\/06\/IMG_2958-Verbessert-RR-1536x1152.jpg 1536w, https:\/\/www.mystisch.net\/blog\/wp-content\/uploads\/2024\/06\/IMG_2958-Verbessert-RR-2048x1536.jpg 2048w, https:\/\/www.mystisch.net\/blog\/wp-content\/uploads\/2024\/06\/IMG_2958-Verbessert-RR-1200x900.jpg 1200w, https:\/\/www.mystisch.net\/blog\/wp-content\/uploads\/2024\/06\/IMG_2958-Verbessert-RR-1980x1485.jpg 1980w\" sizes=\"auto, (max-width: 580px) 100vw, 580px\" \/><\/a><figcaption id=\"caption-attachment-832\" class=\"wp-caption-text\">Haus an der Holbeinstra\u00dfe (09.08.2022) \u00a9 Thomas Irlbeck<\/figcaption><\/figure>\n<figure id=\"attachment_833\" aria-describedby=\"caption-attachment-833\" style=\"width: 580px\" class=\"wp-caption alignnone\"><a href=\"https:\/\/www.mystisch.net\/blog\/wp-content\/uploads\/2024\/06\/IMG_2960-Verbessert-RR.jpg\"><img loading=\"lazy\" decoding=\"async\" class=\"size-large wp-image-833\" src=\"https:\/\/www.mystisch.net\/blog\/wp-content\/uploads\/2024\/06\/IMG_2960-Verbessert-RR-980x1024.jpg\" alt=\"Haus an der Holbeinstra\u00dfe\" width=\"580\" height=\"606\" srcset=\"https:\/\/www.mystisch.net\/blog\/wp-content\/uploads\/2024\/06\/IMG_2960-Verbessert-RR-980x1024.jpg 980w, https:\/\/www.mystisch.net\/blog\/wp-content\/uploads\/2024\/06\/IMG_2960-Verbessert-RR-287x300.jpg 287w, https:\/\/www.mystisch.net\/blog\/wp-content\/uploads\/2024\/06\/IMG_2960-Verbessert-RR-768x802.jpg 768w, https:\/\/www.mystisch.net\/blog\/wp-content\/uploads\/2024\/06\/IMG_2960-Verbessert-RR-1471x1536.jpg 1471w, https:\/\/www.mystisch.net\/blog\/wp-content\/uploads\/2024\/06\/IMG_2960-Verbessert-RR-1961x2048.jpg 1961w, https:\/\/www.mystisch.net\/blog\/wp-content\/uploads\/2024\/06\/IMG_2960-Verbessert-RR-1200x1253.jpg 1200w, https:\/\/www.mystisch.net\/blog\/wp-content\/uploads\/2024\/06\/IMG_2960-Verbessert-RR-1980x2068.jpg 1980w\" sizes=\"auto, (max-width: 580px) 100vw, 580px\" \/><\/a><figcaption id=\"caption-attachment-833\" class=\"wp-caption-text\">Haus an der Holbeinstra\u00dfe (09.08.2022) \u00a9 Thomas Irlbeck<\/figcaption><\/figure>\n<h3>Karl-Neumeyer-Haus der Ludwig-Maximilians-Universit\u00e4t<\/h3>\n<p><strong>Sitz der juristischen Fakult\u00e4t<\/strong><\/p>\n<p>Maxvorstadt, Veterin\u00e4rstra\u00dfe 5. Das fensterladenlastige, aber sch\u00f6ne Haus mit dem Erker ist nicht denkmalgesch\u00fctzt. Das erschwert es mehr \u00fcber die architektonischen Besonderheiten des Hauses herauszufinden.<\/p>\n<figure id=\"attachment_865\" aria-describedby=\"caption-attachment-865\" style=\"width: 580px\" class=\"wp-caption alignnone\"><a href=\"https:\/\/www.mystisch.net\/blog\/wp-content\/uploads\/2024\/06\/IMG_2915-Verbessert-RR.jpg\"><img loading=\"lazy\" decoding=\"async\" class=\"size-large wp-image-865\" src=\"https:\/\/www.mystisch.net\/blog\/wp-content\/uploads\/2024\/06\/IMG_2915-Verbessert-RR-1024x979.jpg\" alt=\"Haus an der Veterin\u00e4rstra\u00dfe \" width=\"580\" height=\"555\" srcset=\"https:\/\/www.mystisch.net\/blog\/wp-content\/uploads\/2024\/06\/IMG_2915-Verbessert-RR-1024x979.jpg 1024w, https:\/\/www.mystisch.net\/blog\/wp-content\/uploads\/2024\/06\/IMG_2915-Verbessert-RR-300x287.jpg 300w, https:\/\/www.mystisch.net\/blog\/wp-content\/uploads\/2024\/06\/IMG_2915-Verbessert-RR-768x734.jpg 768w, https:\/\/www.mystisch.net\/blog\/wp-content\/uploads\/2024\/06\/IMG_2915-Verbessert-RR-1536x1469.jpg 1536w, https:\/\/www.mystisch.net\/blog\/wp-content\/uploads\/2024\/06\/IMG_2915-Verbessert-RR-2048x1958.jpg 2048w, https:\/\/www.mystisch.net\/blog\/wp-content\/uploads\/2024\/06\/IMG_2915-Verbessert-RR-1200x1148.jpg 1200w, https:\/\/www.mystisch.net\/blog\/wp-content\/uploads\/2024\/06\/IMG_2915-Verbessert-RR-1980x1893.jpg 1980w\" sizes=\"auto, (max-width: 580px) 100vw, 580px\" \/><\/a><figcaption id=\"caption-attachment-865\" class=\"wp-caption-text\">Juristische Fakult\u00e4t an der Veterin\u00e4rstra\u00dfe (09.08.2022) \u00a9 Thomas Irlbeck<\/figcaption><\/figure>\n<h3>Haus in der N\u00e4he der Wiesn, Ludwigsvorstadt<\/h3>\n<p>Haus am Bavariaring 10, Ecke St.-Pauls-Platz. St\u00e4dtebaulich im Zusammenhang mit der Paulskirche. Der Bayerische Denkmal-Atlas sagt dazu:<\/p>\n<blockquote><p>Ehem. Wohnhaus Emanuel von Seidl, dreigeschossiger Gruppenbau aus Eckbau und zwei zur\u00fcckgesetzten Fl\u00fcgeln, mit Fassadengliederung im Stil der deutschen Renaisance, mit reichem plastischem Dekor, von Emanuel von Seidl selbst, 1897\/98, nach Sch\u00e4den im Zweiten Weltkrieg vereinfacht wiederaufgebaut; Vorgartentor im S\u00fcden, mit Ziergitter mit Namen des Erbauers zwischen Hermen und bogenf\u00f6rmigem Gartentor im Osten, mit Georgsfigur nach Donatello, gleichzeitig.<\/p><\/blockquote>\n<figure id=\"attachment_810\" aria-describedby=\"caption-attachment-810\" style=\"width: 580px\" class=\"wp-caption alignnone\"><a href=\"https:\/\/www.mystisch.net\/blog\/wp-content\/uploads\/2024\/06\/IMG_2795-Verbessert-RR.jpg\"><img loading=\"lazy\" decoding=\"async\" class=\"size-large wp-image-810\" src=\"https:\/\/www.mystisch.net\/blog\/wp-content\/uploads\/2024\/06\/IMG_2795-Verbessert-RR-1024x768.jpg\" alt=\"Haus am Bavariaring\" width=\"580\" height=\"435\" srcset=\"https:\/\/www.mystisch.net\/blog\/wp-content\/uploads\/2024\/06\/IMG_2795-Verbessert-RR-1024x768.jpg 1024w, https:\/\/www.mystisch.net\/blog\/wp-content\/uploads\/2024\/06\/IMG_2795-Verbessert-RR-300x225.jpg 300w, https:\/\/www.mystisch.net\/blog\/wp-content\/uploads\/2024\/06\/IMG_2795-Verbessert-RR-768x576.jpg 768w, https:\/\/www.mystisch.net\/blog\/wp-content\/uploads\/2024\/06\/IMG_2795-Verbessert-RR-1536x1152.jpg 1536w, https:\/\/www.mystisch.net\/blog\/wp-content\/uploads\/2024\/06\/IMG_2795-Verbessert-RR-2048x1536.jpg 2048w, https:\/\/www.mystisch.net\/blog\/wp-content\/uploads\/2024\/06\/IMG_2795-Verbessert-RR-1200x900.jpg 1200w, https:\/\/www.mystisch.net\/blog\/wp-content\/uploads\/2024\/06\/IMG_2795-Verbessert-RR-1980x1485.jpg 1980w\" sizes=\"auto, (max-width: 580px) 100vw, 580px\" \/><\/a><figcaption id=\"caption-attachment-810\" class=\"wp-caption-text\">Haus am Bavariaring (08.08.2022) \u00a9 Thomas Irlbeck<\/figcaption><\/figure>\n<figure id=\"attachment_809\" aria-describedby=\"caption-attachment-809\" style=\"width: 580px\" class=\"wp-caption alignnone\"><a href=\"https:\/\/www.mystisch.net\/blog\/wp-content\/uploads\/2024\/06\/IMG_2801-Verbessert-RR.jpg\"><img loading=\"lazy\" decoding=\"async\" class=\"size-large wp-image-809\" src=\"https:\/\/www.mystisch.net\/blog\/wp-content\/uploads\/2024\/06\/IMG_2801-Verbessert-RR-1024x768.jpg\" alt=\"Haus am Bavariaring\" width=\"580\" height=\"435\" srcset=\"https:\/\/www.mystisch.net\/blog\/wp-content\/uploads\/2024\/06\/IMG_2801-Verbessert-RR-1024x768.jpg 1024w, https:\/\/www.mystisch.net\/blog\/wp-content\/uploads\/2024\/06\/IMG_2801-Verbessert-RR-300x225.jpg 300w, https:\/\/www.mystisch.net\/blog\/wp-content\/uploads\/2024\/06\/IMG_2801-Verbessert-RR-768x576.jpg 768w, https:\/\/www.mystisch.net\/blog\/wp-content\/uploads\/2024\/06\/IMG_2801-Verbessert-RR-1536x1152.jpg 1536w, https:\/\/www.mystisch.net\/blog\/wp-content\/uploads\/2024\/06\/IMG_2801-Verbessert-RR-2048x1536.jpg 2048w, https:\/\/www.mystisch.net\/blog\/wp-content\/uploads\/2024\/06\/IMG_2801-Verbessert-RR-1200x900.jpg 1200w, https:\/\/www.mystisch.net\/blog\/wp-content\/uploads\/2024\/06\/IMG_2801-Verbessert-RR-1980x1485.jpg 1980w\" sizes=\"auto, (max-width: 580px) 100vw, 580px\" \/><\/a><figcaption id=\"caption-attachment-809\" class=\"wp-caption-text\">Haus am Bavariaring (08.08.2022) \u00a9 Thomas Irlbeck<\/figcaption><\/figure>\n<figure id=\"attachment_811\" aria-describedby=\"caption-attachment-811\" style=\"width: 580px\" class=\"wp-caption alignnone\"><a href=\"https:\/\/www.mystisch.net\/blog\/wp-content\/uploads\/2024\/06\/IMG_2799-Verbessert-RR.jpg\"><img loading=\"lazy\" decoding=\"async\" class=\"size-large wp-image-811\" src=\"https:\/\/www.mystisch.net\/blog\/wp-content\/uploads\/2024\/06\/IMG_2799-Verbessert-RR-1024x768.jpg\" alt=\"Haus am Bavariaring\" width=\"580\" height=\"435\" srcset=\"https:\/\/www.mystisch.net\/blog\/wp-content\/uploads\/2024\/06\/IMG_2799-Verbessert-RR-1024x768.jpg 1024w, https:\/\/www.mystisch.net\/blog\/wp-content\/uploads\/2024\/06\/IMG_2799-Verbessert-RR-300x225.jpg 300w, https:\/\/www.mystisch.net\/blog\/wp-content\/uploads\/2024\/06\/IMG_2799-Verbessert-RR-768x576.jpg 768w, https:\/\/www.mystisch.net\/blog\/wp-content\/uploads\/2024\/06\/IMG_2799-Verbessert-RR-1536x1152.jpg 1536w, https:\/\/www.mystisch.net\/blog\/wp-content\/uploads\/2024\/06\/IMG_2799-Verbessert-RR-2048x1536.jpg 2048w, https:\/\/www.mystisch.net\/blog\/wp-content\/uploads\/2024\/06\/IMG_2799-Verbessert-RR-1200x900.jpg 1200w, https:\/\/www.mystisch.net\/blog\/wp-content\/uploads\/2024\/06\/IMG_2799-Verbessert-RR-1980x1485.jpg 1980w\" sizes=\"auto, (max-width: 580px) 100vw, 580px\" \/><\/a><figcaption id=\"caption-attachment-811\" class=\"wp-caption-text\">Haus am Bavariaring (08.08.2022) \u00a9 Thomas Irlbeck<\/figcaption><\/figure>\n<h3>Maxvorstadt, IHK<\/h3>\n<p>Max-Joseph-Stra\u00dfe 2, Ecke Maximiliansplatz. Der Bayerische Denkmal-Atlas sagt dazu:<\/p>\n<p>Ehem. Wohn- und Gesch\u00e4ftshaus A. S. Drey, jetzt Industrie- und Handelskammer, dreiseitig freistehender f\u00fcnfgeschossiger Bau mit seitlichen Risaliten, Portalvorbau und reichem plastischem Dekor, von Gabriel von Seidl, Terrakottafriese von Franz Naager, Figuren von Heinrich D\u00fcll und Georg Pezold, 1911-12, Wiederaufbau, 1946-1950; bildet mit Maximiliansplatz 8 (siehe dort) einen Block.<\/p>\n<figure id=\"attachment_825\" aria-describedby=\"caption-attachment-825\" style=\"width: 580px\" class=\"wp-caption alignnone\"><a href=\"https:\/\/www.mystisch.net\/blog\/wp-content\/uploads\/2024\/06\/IMG_2673-Verbessert-RR.jpg\"><img loading=\"lazy\" decoding=\"async\" class=\"size-large wp-image-825\" src=\"https:\/\/www.mystisch.net\/blog\/wp-content\/uploads\/2024\/06\/IMG_2673-Verbessert-RR-1024x824.jpg\" alt=\"IHK an der Max-Joseph-Stra\u00dfe\" width=\"580\" height=\"467\" srcset=\"https:\/\/www.mystisch.net\/blog\/wp-content\/uploads\/2024\/06\/IMG_2673-Verbessert-RR-1024x824.jpg 1024w, https:\/\/www.mystisch.net\/blog\/wp-content\/uploads\/2024\/06\/IMG_2673-Verbessert-RR-300x241.jpg 300w, https:\/\/www.mystisch.net\/blog\/wp-content\/uploads\/2024\/06\/IMG_2673-Verbessert-RR-768x618.jpg 768w, https:\/\/www.mystisch.net\/blog\/wp-content\/uploads\/2024\/06\/IMG_2673-Verbessert-RR-1536x1235.jpg 1536w, https:\/\/www.mystisch.net\/blog\/wp-content\/uploads\/2024\/06\/IMG_2673-Verbessert-RR-2048x1647.jpg 2048w, https:\/\/www.mystisch.net\/blog\/wp-content\/uploads\/2024\/06\/IMG_2673-Verbessert-RR-1200x965.jpg 1200w, https:\/\/www.mystisch.net\/blog\/wp-content\/uploads\/2024\/06\/IMG_2673-Verbessert-RR-1980x1593.jpg 1980w\" sizes=\"auto, (max-width: 580px) 100vw, 580px\" \/><\/a><figcaption id=\"caption-attachment-825\" class=\"wp-caption-text\">IHK an der Max-Joseph-Stra\u00dfe (01.08.2022) \u00a9 Thomas Irlbeck<\/figcaption><\/figure>\n<h3>Jugendstilhaus in Schwabing<\/h3>\n<p>Haus an der R\u00f6merstra\u00dfe 15. Derzeitiger Sitz der ERES-Stiftung. Der Bayerische Denkmal-Atlas sagt dazu:<\/p>\n<blockquote><p>Mietshaus, viergschossiger Jugendstilbau mit halbrundem Erker, Zwerchgiebel und reichem Putz- und Stuckdekor, von Eugen H\u00f6nig und Karl S\u00f6ldner, 1900.<\/p><\/blockquote>\n<figure id=\"attachment_820\" aria-describedby=\"caption-attachment-820\" style=\"width: 580px\" class=\"wp-caption alignnone\"><a href=\"https:\/\/www.mystisch.net\/blog\/wp-content\/uploads\/2024\/06\/IMG_2556-Verbessert-RR.jpg\"><img loading=\"lazy\" decoding=\"async\" class=\"size-large wp-image-820\" src=\"https:\/\/www.mystisch.net\/blog\/wp-content\/uploads\/2024\/06\/IMG_2556-Verbessert-RR-785x1024.jpg\" alt=\"Haus an der R\u00f6merstra\u00dfe\" width=\"580\" height=\"757\" srcset=\"https:\/\/www.mystisch.net\/blog\/wp-content\/uploads\/2024\/06\/IMG_2556-Verbessert-RR-785x1024.jpg 785w, https:\/\/www.mystisch.net\/blog\/wp-content\/uploads\/2024\/06\/IMG_2556-Verbessert-RR-230x300.jpg 230w, https:\/\/www.mystisch.net\/blog\/wp-content\/uploads\/2024\/06\/IMG_2556-Verbessert-RR-768x1002.jpg 768w, https:\/\/www.mystisch.net\/blog\/wp-content\/uploads\/2024\/06\/IMG_2556-Verbessert-RR-1178x1536.jpg 1178w, https:\/\/www.mystisch.net\/blog\/wp-content\/uploads\/2024\/06\/IMG_2556-Verbessert-RR-1570x2048.jpg 1570w, https:\/\/www.mystisch.net\/blog\/wp-content\/uploads\/2024\/06\/IMG_2556-Verbessert-RR-1200x1565.jpg 1200w, https:\/\/www.mystisch.net\/blog\/wp-content\/uploads\/2024\/06\/IMG_2556-Verbessert-RR.jpg 1963w\" sizes=\"auto, (max-width: 580px) 100vw, 580px\" \/><\/a><figcaption id=\"caption-attachment-820\" class=\"wp-caption-text\">Haus an der R\u00f6merstra\u00dfe (18.07.2022) \u00a9 Thomas Irlbeck<\/figcaption><\/figure>\n<h3>Schwabing: Das Lenin-Haus<\/h3>\n<p>Eines von drei H\u00e4usern in M\u00fcnchen, in denen Wladimir Iljitsch Lenin wohnte. Denkmalgesch\u00fctztes Mietshaus an der Kaiserstra\u00dfe 46\/Ecke R\u00f6merstra\u00dfe. Der Bayerische Denkmal-Atlas sagt dazu:<\/p>\n<blockquote><p>Viergeschossiger Neurenaissance-Eckbau mit Zeltdach-Eckturm sowie Putz- und Stuckgliederung, 1890\u20131891; 1900\u20131901 wohnte hier Wladimir Iljitsch Lenin.<\/p><\/blockquote>\n<figure id=\"attachment_819\" aria-describedby=\"caption-attachment-819\" style=\"width: 580px\" class=\"wp-caption alignnone\"><a href=\"https:\/\/www.mystisch.net\/blog\/wp-content\/uploads\/2024\/06\/IMG_2562-Verbessert-RR.jpg\"><img loading=\"lazy\" decoding=\"async\" class=\"size-large wp-image-819\" src=\"https:\/\/www.mystisch.net\/blog\/wp-content\/uploads\/2024\/06\/IMG_2562-Verbessert-RR-1024x768.jpg\" alt=\"Lenin-Haus an der Kaiserstra\u00dfe\" width=\"580\" height=\"435\" srcset=\"https:\/\/www.mystisch.net\/blog\/wp-content\/uploads\/2024\/06\/IMG_2562-Verbessert-RR-1024x768.jpg 1024w, https:\/\/www.mystisch.net\/blog\/wp-content\/uploads\/2024\/06\/IMG_2562-Verbessert-RR-300x225.jpg 300w, https:\/\/www.mystisch.net\/blog\/wp-content\/uploads\/2024\/06\/IMG_2562-Verbessert-RR-768x576.jpg 768w, https:\/\/www.mystisch.net\/blog\/wp-content\/uploads\/2024\/06\/IMG_2562-Verbessert-RR-1536x1152.jpg 1536w, https:\/\/www.mystisch.net\/blog\/wp-content\/uploads\/2024\/06\/IMG_2562-Verbessert-RR-2048x1536.jpg 2048w, https:\/\/www.mystisch.net\/blog\/wp-content\/uploads\/2024\/06\/IMG_2562-Verbessert-RR-1200x900.jpg 1200w, https:\/\/www.mystisch.net\/blog\/wp-content\/uploads\/2024\/06\/IMG_2562-Verbessert-RR-1980x1485.jpg 1980w\" sizes=\"auto, (max-width: 580px) 100vw, 580px\" \/><\/a><figcaption id=\"caption-attachment-819\" class=\"wp-caption-text\">Lenin-Haus an der Kaiserstra\u00dfe (18.07.2022) \u00a9 Thomas Irlbeck<\/figcaption><\/figure>\n<h3>Haus in der Ludwigsvorstadt<\/h3>\n<p>Haus an der Mozartstra\u00dfe 18, Ecke Esperantoplatz. Der Bayerische Denkmal-Atlas sagt dazu:<\/p>\n<blockquote><p>Mietshaus, in Ecklage, Zweifl\u00fcgelbau mit Fassadengliederung im Stil des Neubarock, mit abgerundeter Platzfront, Bodenerkern, Lisenen und geb\u00e4ndertem Erdgeschoss, an der Ostseite Stuckreliefbildnis Mozarts in Rocaillekartusche, von Albert Theodor Lenz, 1896, nach dem Zweiten Weltkrieg vereinfacht und auf vier Vollgeschosse aufgestockt; mit Pfeiler-Gitter-Einfriedung, gleichzeitig.<\/p><\/blockquote>\n<figure id=\"attachment_812\" aria-describedby=\"caption-attachment-812\" style=\"width: 580px\" class=\"wp-caption alignnone\"><a href=\"https:\/\/www.mystisch.net\/blog\/wp-content\/uploads\/2024\/06\/IMG_2892-Verbessert-RR.jpg\"><img loading=\"lazy\" decoding=\"async\" class=\"size-large wp-image-812\" src=\"https:\/\/www.mystisch.net\/blog\/wp-content\/uploads\/2024\/06\/IMG_2892-Verbessert-RR-1024x768.jpg\" alt=\"Haus an der Mozartstra\u00dfe\" width=\"580\" height=\"435\" srcset=\"https:\/\/www.mystisch.net\/blog\/wp-content\/uploads\/2024\/06\/IMG_2892-Verbessert-RR-1024x768.jpg 1024w, https:\/\/www.mystisch.net\/blog\/wp-content\/uploads\/2024\/06\/IMG_2892-Verbessert-RR-300x225.jpg 300w, https:\/\/www.mystisch.net\/blog\/wp-content\/uploads\/2024\/06\/IMG_2892-Verbessert-RR-768x576.jpg 768w, https:\/\/www.mystisch.net\/blog\/wp-content\/uploads\/2024\/06\/IMG_2892-Verbessert-RR-1536x1152.jpg 1536w, https:\/\/www.mystisch.net\/blog\/wp-content\/uploads\/2024\/06\/IMG_2892-Verbessert-RR-2048x1536.jpg 2048w, https:\/\/www.mystisch.net\/blog\/wp-content\/uploads\/2024\/06\/IMG_2892-Verbessert-RR-1200x900.jpg 1200w, https:\/\/www.mystisch.net\/blog\/wp-content\/uploads\/2024\/06\/IMG_2892-Verbessert-RR-1980x1485.jpg 1980w\" sizes=\"auto, (max-width: 580px) 100vw, 580px\" \/><\/a><figcaption id=\"caption-attachment-812\" class=\"wp-caption-text\">Haus an der Mozartstra\u00dfe (08.08.2022) \u00a9 Thomas Irlbeck<\/figcaption><\/figure>\n<h3>&#8222;Symbol&#8220;-Haus in der Maxvorstadt<\/h3>\n<p>Barer Stra\u00dfe 24 (Maxvorstadt, in unmittelbarer N\u00e4he der Pinakotheken), B\u00fcrogeb\u00e4ude eines Bankdienstleisters. Wer genau hinschaut, erkennt einen Tagmond \u2013 gemeint ist hier nicht eines der herrlichen Symbole auf der H\u00e4userfassade, sondern tats\u00e4chlich der echte Mond da ganz weit oben. Die vielen Symbole auf der Fassade dieses Nachkriegsbaus sind etwas ganz Besonderes, wie ich finde. Der Bayerische Denkmal-Atlas sagt dazu:<\/p>\n<blockquote><p>Ehem. Verwaltungsgeb\u00e4ude des Bayerischen Gemeinde-Unfall-Versicherungsverbandes, u-f\u00f6rmige Anlage, f\u00fcnfgeschossiger Betonbau mit weit\u00fcberstehendem Dach, mit zur\u00fcckversetztem Geschoss mit Walmdach, Rasterfassade mit Betonpfeilern und fig\u00fcrlichen Zierformen, von Franz Berberich, 1954\/55; Unterstand, erdgeschossig mit sechs Tonnend\u00e4chern und segmentbogigen Kragarmen, gleichzeitig.<\/p><\/blockquote>\n<figure id=\"attachment_824\" aria-describedby=\"caption-attachment-824\" style=\"width: 580px\" class=\"wp-caption alignnone\"><a href=\"https:\/\/www.mystisch.net\/blog\/wp-content\/uploads\/2024\/06\/IMG_7412-Verbessert-RR.jpg\"><img loading=\"lazy\" decoding=\"async\" class=\"size-large wp-image-824\" src=\"https:\/\/www.mystisch.net\/blog\/wp-content\/uploads\/2024\/06\/IMG_7412-Verbessert-RR-1024x768.jpg\" alt=\"Haus an der Barer Stra\u00dfe\" width=\"580\" height=\"435\" srcset=\"https:\/\/www.mystisch.net\/blog\/wp-content\/uploads\/2024\/06\/IMG_7412-Verbessert-RR-1024x768.jpg 1024w, https:\/\/www.mystisch.net\/blog\/wp-content\/uploads\/2024\/06\/IMG_7412-Verbessert-RR-300x225.jpg 300w, https:\/\/www.mystisch.net\/blog\/wp-content\/uploads\/2024\/06\/IMG_7412-Verbessert-RR-768x576.jpg 768w, https:\/\/www.mystisch.net\/blog\/wp-content\/uploads\/2024\/06\/IMG_7412-Verbessert-RR-1536x1152.jpg 1536w, https:\/\/www.mystisch.net\/blog\/wp-content\/uploads\/2024\/06\/IMG_7412-Verbessert-RR-2048x1536.jpg 2048w, https:\/\/www.mystisch.net\/blog\/wp-content\/uploads\/2024\/06\/IMG_7412-Verbessert-RR-1200x900.jpg 1200w, https:\/\/www.mystisch.net\/blog\/wp-content\/uploads\/2024\/06\/IMG_7412-Verbessert-RR-1980x1485.jpg 1980w\" sizes=\"auto, (max-width: 580px) 100vw, 580px\" \/><\/a><figcaption id=\"caption-attachment-824\" class=\"wp-caption-text\">Haus an der Barer Stra\u00dfe (17.06.2021) \u00a9 Thomas Irlbeck<\/figcaption><\/figure>\n<h3>Wasserwerk D\u00fcrrnhaar und Milchk\u00fchlanlage (bei Aying)<\/h3>\n<figure id=\"attachment_869\" aria-describedby=\"caption-attachment-869\" style=\"width: 580px\" class=\"wp-caption alignnone\"><a href=\"https:\/\/www.mystisch.net\/blog\/wp-content\/uploads\/2024\/06\/IMG_7365-Verbessert-RR.jpg\"><img loading=\"lazy\" decoding=\"async\" class=\"size-large wp-image-869\" src=\"https:\/\/www.mystisch.net\/blog\/wp-content\/uploads\/2024\/06\/IMG_7365-Verbessert-RR-1024x768.jpg\" alt=\"Wasserwerk D\u00fcrrnhaar und Milchk\u00fchlanlage\" width=\"580\" height=\"435\" srcset=\"https:\/\/www.mystisch.net\/blog\/wp-content\/uploads\/2024\/06\/IMG_7365-Verbessert-RR-1024x768.jpg 1024w, https:\/\/www.mystisch.net\/blog\/wp-content\/uploads\/2024\/06\/IMG_7365-Verbessert-RR-300x225.jpg 300w, https:\/\/www.mystisch.net\/blog\/wp-content\/uploads\/2024\/06\/IMG_7365-Verbessert-RR-768x576.jpg 768w, https:\/\/www.mystisch.net\/blog\/wp-content\/uploads\/2024\/06\/IMG_7365-Verbessert-RR-1536x1152.jpg 1536w, https:\/\/www.mystisch.net\/blog\/wp-content\/uploads\/2024\/06\/IMG_7365-Verbessert-RR-2048x1536.jpg 2048w, https:\/\/www.mystisch.net\/blog\/wp-content\/uploads\/2024\/06\/IMG_7365-Verbessert-RR-1200x900.jpg 1200w, https:\/\/www.mystisch.net\/blog\/wp-content\/uploads\/2024\/06\/IMG_7365-Verbessert-RR-1980x1485.jpg 1980w\" sizes=\"auto, (max-width: 580px) 100vw, 580px\" \/><\/a><figcaption id=\"caption-attachment-869\" class=\"wp-caption-text\">Wasserwerk D\u00fcrrnhaar und Milchk\u00fchlanlage (14.06.2021)<\/figcaption><\/figure>\n<p>Das Geb\u00e4ude wurde inzwischen zu einem Wohnhaus umgebaut. Der Bayerische Denkmal-Atlas sagt dazu:<\/p>\n<blockquote><p>Ehem. Wasserwerk D\u00fcrrnhaar und Milch-K\u00fchlanlage, erdgeschossiger verputzter Walmdachbau mit pavillonartigem Dachaufbau, Anfang 20. Jh.<\/p><\/blockquote>\n<h3>Haus in Glonn<\/h3>\n<p>Glonn bei Grafing. Was f\u00fcr ein tolles Haus!\u00a0 Der Bayerische Denkmal-Atlas sagt dazu:<\/p>\n<blockquote><p>Wohn- und Gesch\u00e4ftshaus, zweigeschossiger Eckbau mit Walmdach, drei geschweiften Giebelrisaliten und Eckerkert\u00fcrmen, bez. 1907.<\/p><\/blockquote>\n<figure id=\"attachment_817\" aria-describedby=\"caption-attachment-817\" style=\"width: 580px\" class=\"wp-caption alignnone\"><a href=\"https:\/\/www.mystisch.net\/blog\/wp-content\/uploads\/2024\/06\/IMG_3371-Verbessert-RR.jpg\"><img loading=\"lazy\" decoding=\"async\" class=\"size-large wp-image-817\" src=\"https:\/\/www.mystisch.net\/blog\/wp-content\/uploads\/2024\/06\/IMG_3371-Verbessert-RR-1024x768.jpg\" alt=\"Haus in Glonn\" width=\"580\" height=\"435\" srcset=\"https:\/\/www.mystisch.net\/blog\/wp-content\/uploads\/2024\/06\/IMG_3371-Verbessert-RR-1024x768.jpg 1024w, https:\/\/www.mystisch.net\/blog\/wp-content\/uploads\/2024\/06\/IMG_3371-Verbessert-RR-300x225.jpg 300w, https:\/\/www.mystisch.net\/blog\/wp-content\/uploads\/2024\/06\/IMG_3371-Verbessert-RR-768x576.jpg 768w, https:\/\/www.mystisch.net\/blog\/wp-content\/uploads\/2024\/06\/IMG_3371-Verbessert-RR-1536x1152.jpg 1536w, https:\/\/www.mystisch.net\/blog\/wp-content\/uploads\/2024\/06\/IMG_3371-Verbessert-RR-2048x1536.jpg 2048w, https:\/\/www.mystisch.net\/blog\/wp-content\/uploads\/2024\/06\/IMG_3371-Verbessert-RR-1200x900.jpg 1200w, https:\/\/www.mystisch.net\/blog\/wp-content\/uploads\/2024\/06\/IMG_3371-Verbessert-RR-1980x1485.jpg 1980w\" sizes=\"auto, (max-width: 580px) 100vw, 580px\" \/><\/a><figcaption id=\"caption-attachment-817\" class=\"wp-caption-text\">Haus in Glonn (11.04.2020) \u00a9 Thomas Irlbeck<\/figcaption><\/figure>\n<figure id=\"attachment_818\" aria-describedby=\"caption-attachment-818\" style=\"width: 580px\" class=\"wp-caption alignnone\"><a href=\"https:\/\/www.mystisch.net\/blog\/wp-content\/uploads\/2024\/06\/IMG_3373-Verbessert-RR.jpg\"><img loading=\"lazy\" decoding=\"async\" class=\"size-large wp-image-818\" src=\"https:\/\/www.mystisch.net\/blog\/wp-content\/uploads\/2024\/06\/IMG_3373-Verbessert-RR-1024x768.jpg\" alt=\"Haus in Glonn\" width=\"580\" height=\"435\" srcset=\"https:\/\/www.mystisch.net\/blog\/wp-content\/uploads\/2024\/06\/IMG_3373-Verbessert-RR-1024x768.jpg 1024w, https:\/\/www.mystisch.net\/blog\/wp-content\/uploads\/2024\/06\/IMG_3373-Verbessert-RR-300x225.jpg 300w, https:\/\/www.mystisch.net\/blog\/wp-content\/uploads\/2024\/06\/IMG_3373-Verbessert-RR-768x576.jpg 768w, https:\/\/www.mystisch.net\/blog\/wp-content\/uploads\/2024\/06\/IMG_3373-Verbessert-RR-1536x1152.jpg 1536w, https:\/\/www.mystisch.net\/blog\/wp-content\/uploads\/2024\/06\/IMG_3373-Verbessert-RR-2048x1536.jpg 2048w, https:\/\/www.mystisch.net\/blog\/wp-content\/uploads\/2024\/06\/IMG_3373-Verbessert-RR-1200x900.jpg 1200w, https:\/\/www.mystisch.net\/blog\/wp-content\/uploads\/2024\/06\/IMG_3373-Verbessert-RR-1980x1485.jpg 1980w\" sizes=\"auto, (max-width: 580px) 100vw, 580px\" \/><\/a><figcaption id=\"caption-attachment-818\" class=\"wp-caption-text\">Haus in Glonn (11.04.2020) \u00a9 Thomas Irlbeck<\/figcaption><\/figure>\n<h3>Sendling, Haus mit Turm<\/h3>\n<p>Ein bemerkenswertes Haus in M\u00fcnchen Sendling an der Implerstra\u00dfe 49, Ecke Oberl\u00e4nderstra\u00dfe. Ohne den besonderen Turm w\u00e4re das Haus wahrscheinlich eher langweilig. Das Haus k\u00f6nnte in den 1930er-Jahren entstanden sein. Da das Haus nicht denkmalgesch\u00fctzt ist, hilft auch der Bayerische Denkmal-Atlas nicht weiter.<\/p>\n<p>Bis zum 31.07.1970 fuhr die Tram direkt vor Haus vorbei und schaufelte die Besucher zum Tierpark Hellabrunn. Bis zum 05.08.1920 bog an dieser Kreuzung au\u00dferdem die Tram zur nahegelegenen Gro\u00dfmarkthalle ab. Ob das Haus damals schon stand? Wenn ja, muss man sich die Trambahn zur Gro\u00dfmarkthalle an der kurzen Seite denken (mittleres Bild). Bis zum 17.06.1958 blieb die Trambahnstrecke zur Gro\u00dfmarkthalle aber noch erhalten, sodass es einen sporadischen Betrieb auf dieser Strecke wohl noch gegeben hat.<\/p>\n<figure id=\"attachment_795\" aria-describedby=\"caption-attachment-795\" style=\"width: 580px\" class=\"wp-caption alignnone\"><a href=\"https:\/\/www.mystisch.net\/blog\/wp-content\/uploads\/2024\/06\/IMG_9183-Verbessert-RR.jpg\"><img loading=\"lazy\" decoding=\"async\" class=\"size-large wp-image-795\" src=\"https:\/\/www.mystisch.net\/blog\/wp-content\/uploads\/2024\/06\/IMG_9183-Verbessert-RR-1024x768.jpg\" alt=\"Haus an der Implerstra\u00dfe\" width=\"580\" height=\"435\" srcset=\"https:\/\/www.mystisch.net\/blog\/wp-content\/uploads\/2024\/06\/IMG_9183-Verbessert-RR-1024x768.jpg 1024w, https:\/\/www.mystisch.net\/blog\/wp-content\/uploads\/2024\/06\/IMG_9183-Verbessert-RR-300x225.jpg 300w, https:\/\/www.mystisch.net\/blog\/wp-content\/uploads\/2024\/06\/IMG_9183-Verbessert-RR-768x576.jpg 768w, https:\/\/www.mystisch.net\/blog\/wp-content\/uploads\/2024\/06\/IMG_9183-Verbessert-RR-1536x1152.jpg 1536w, https:\/\/www.mystisch.net\/blog\/wp-content\/uploads\/2024\/06\/IMG_9183-Verbessert-RR-2048x1536.jpg 2048w, https:\/\/www.mystisch.net\/blog\/wp-content\/uploads\/2024\/06\/IMG_9183-Verbessert-RR-1200x900.jpg 1200w, https:\/\/www.mystisch.net\/blog\/wp-content\/uploads\/2024\/06\/IMG_9183-Verbessert-RR-1980x1485.jpg 1980w\" sizes=\"auto, (max-width: 580px) 100vw, 580px\" \/><\/a><figcaption id=\"caption-attachment-795\" class=\"wp-caption-text\">Haus an der Implerstra\u00dfe (17.05.2019) \u00a9 Thomas Irlbeck<\/figcaption><\/figure>\n<figure id=\"attachment_796\" aria-describedby=\"caption-attachment-796\" style=\"width: 580px\" class=\"wp-caption alignnone\"><a href=\"https:\/\/www.mystisch.net\/blog\/wp-content\/uploads\/2024\/06\/IMG_9187-Verbessert-RR.jpg\"><img loading=\"lazy\" decoding=\"async\" class=\"size-large wp-image-796\" src=\"https:\/\/www.mystisch.net\/blog\/wp-content\/uploads\/2024\/06\/IMG_9187-Verbessert-RR-1024x822.jpg\" alt=\"Haus an der Implerstra\u00dfe\" width=\"580\" height=\"466\" srcset=\"https:\/\/www.mystisch.net\/blog\/wp-content\/uploads\/2024\/06\/IMG_9187-Verbessert-RR-1024x822.jpg 1024w, https:\/\/www.mystisch.net\/blog\/wp-content\/uploads\/2024\/06\/IMG_9187-Verbessert-RR-300x241.jpg 300w, https:\/\/www.mystisch.net\/blog\/wp-content\/uploads\/2024\/06\/IMG_9187-Verbessert-RR-768x617.jpg 768w, https:\/\/www.mystisch.net\/blog\/wp-content\/uploads\/2024\/06\/IMG_9187-Verbessert-RR-1536x1233.jpg 1536w, https:\/\/www.mystisch.net\/blog\/wp-content\/uploads\/2024\/06\/IMG_9187-Verbessert-RR-2048x1644.jpg 2048w, https:\/\/www.mystisch.net\/blog\/wp-content\/uploads\/2024\/06\/IMG_9187-Verbessert-RR-1200x963.jpg 1200w, https:\/\/www.mystisch.net\/blog\/wp-content\/uploads\/2024\/06\/IMG_9187-Verbessert-RR-1980x1589.jpg 1980w\" sizes=\"auto, (max-width: 580px) 100vw, 580px\" \/><\/a><figcaption id=\"caption-attachment-796\" class=\"wp-caption-text\">Haus an der Implerstra\u00dfe (17.05.2019) \u00a9 Thomas Irlbeck<\/figcaption><\/figure>\n<figure id=\"attachment_797\" aria-describedby=\"caption-attachment-797\" style=\"width: 580px\" class=\"wp-caption alignnone\"><a href=\"https:\/\/www.mystisch.net\/blog\/wp-content\/uploads\/2024\/06\/IMG_9200-Verbessert-RR.jpg\"><img loading=\"lazy\" decoding=\"async\" class=\"size-large wp-image-797\" src=\"https:\/\/www.mystisch.net\/blog\/wp-content\/uploads\/2024\/06\/IMG_9200-Verbessert-RR-660x1024.jpg\" alt=\"Haus an der Implerstra\u00dfe\" width=\"580\" height=\"900\" srcset=\"https:\/\/www.mystisch.net\/blog\/wp-content\/uploads\/2024\/06\/IMG_9200-Verbessert-RR-660x1024.jpg 660w, https:\/\/www.mystisch.net\/blog\/wp-content\/uploads\/2024\/06\/IMG_9200-Verbessert-RR-193x300.jpg 193w, https:\/\/www.mystisch.net\/blog\/wp-content\/uploads\/2024\/06\/IMG_9200-Verbessert-RR-768x1192.jpg 768w, https:\/\/www.mystisch.net\/blog\/wp-content\/uploads\/2024\/06\/IMG_9200-Verbessert-RR-989x1536.jpg 989w, https:\/\/www.mystisch.net\/blog\/wp-content\/uploads\/2024\/06\/IMG_9200-Verbessert-RR-1319x2048.jpg 1319w, https:\/\/www.mystisch.net\/blog\/wp-content\/uploads\/2024\/06\/IMG_9200-Verbessert-RR-1200x1863.jpg 1200w, https:\/\/www.mystisch.net\/blog\/wp-content\/uploads\/2024\/06\/IMG_9200-Verbessert-RR.jpg 1649w\" sizes=\"auto, (max-width: 580px) 100vw, 580px\" \/><\/a><figcaption id=\"caption-attachment-797\" class=\"wp-caption-text\">Haus an der Implerstra\u00dfe (17.05.2019) \u00a9 Thomas Irlbeck<\/figcaption><\/figure>\n<h3>Eckhaus in Schwabing<\/h3>\n<p>Eckhaus an der Martiusstra\u00dfe 7, Ecke Kaulbachstra\u00dfe. Der Bayerische Denkmal-Atlas sagt dazu:<\/p>\n<blockquote><p>Mietshaus, viergeschossiger, sehr reich und malerisch gegliedert und stuckierter Jugendstil-Eckbau mit Erkern, Balkons, Reliefs und turmartiger Eckausbildung, von Anton Hatzl, um 1906.<\/p><\/blockquote>\n<figure id=\"attachment_829\" aria-describedby=\"caption-attachment-829\" style=\"width: 580px\" class=\"wp-caption alignnone\"><a href=\"https:\/\/www.mystisch.net\/blog\/wp-content\/uploads\/2024\/06\/IMG_7540-Verbessert-RR.jpg\"><img loading=\"lazy\" decoding=\"async\" class=\"size-large wp-image-829\" src=\"https:\/\/www.mystisch.net\/blog\/wp-content\/uploads\/2024\/06\/IMG_7540-Verbessert-RR-1024x783.jpg\" alt=\"Haus an der Martiusstra\u00dfe\" width=\"580\" height=\"443\" srcset=\"https:\/\/www.mystisch.net\/blog\/wp-content\/uploads\/2024\/06\/IMG_7540-Verbessert-RR-1024x783.jpg 1024w, https:\/\/www.mystisch.net\/blog\/wp-content\/uploads\/2024\/06\/IMG_7540-Verbessert-RR-300x229.jpg 300w, https:\/\/www.mystisch.net\/blog\/wp-content\/uploads\/2024\/06\/IMG_7540-Verbessert-RR-768x587.jpg 768w, https:\/\/www.mystisch.net\/blog\/wp-content\/uploads\/2024\/06\/IMG_7540-Verbessert-RR-1536x1175.jpg 1536w, https:\/\/www.mystisch.net\/blog\/wp-content\/uploads\/2024\/06\/IMG_7540-Verbessert-RR-2048x1566.jpg 2048w, https:\/\/www.mystisch.net\/blog\/wp-content\/uploads\/2024\/06\/IMG_7540-Verbessert-RR-1200x918.jpg 1200w, https:\/\/www.mystisch.net\/blog\/wp-content\/uploads\/2024\/06\/IMG_7540-Verbessert-RR-1980x1514.jpg 1980w\" sizes=\"auto, (max-width: 580px) 100vw, 580px\" \/><\/a><figcaption id=\"caption-attachment-829\" class=\"wp-caption-text\">Haus an der Martiusstra\u00dfe (26.05.2017)\u00a9 Thomas Irlbeck<\/figcaption><\/figure>\n<h3>Eckhaus im Lehel<\/h3>\n<p>Widenmayerstra\u00dfe 52, Ecke Tivolistra\u00dfe. Der Bayerische Denkmal-Atlas sagt dazu:<img loading=\"lazy\" decoding=\"async\" class=\"vg\" src=\"https:\/\/vg09.met.vgwort.de\/na\/37f605d8940c47a290e4157253593d67\" alt=\"\" width=\"1\" height=\"1\" \/><\/p>\n<blockquote><p>Mietshaus, f\u00fcnfgeschossiger m\u00e4chtiger Mansardwalmdach-Eckbau in Formen der deutschen Renaissance mit reich dekorierten, turmartig erh\u00f6hten Polygonalerkern und Zwerchh\u00e4usern, von Wilhelm Spannagel, 1899\/1900.<\/p><\/blockquote>\n<figure id=\"attachment_831\" aria-describedby=\"caption-attachment-831\" style=\"width: 580px\" class=\"wp-caption alignnone\"><a href=\"https:\/\/www.mystisch.net\/blog\/wp-content\/uploads\/2024\/06\/IMG_7537-Verbessert-RR.jpg\"><img loading=\"lazy\" decoding=\"async\" class=\"size-large wp-image-831\" src=\"https:\/\/www.mystisch.net\/blog\/wp-content\/uploads\/2024\/06\/IMG_7537-Verbessert-RR-1024x776.jpg\" alt=\"Haus an der Widenmayerstra\u00dfe\" width=\"580\" height=\"440\" srcset=\"https:\/\/www.mystisch.net\/blog\/wp-content\/uploads\/2024\/06\/IMG_7537-Verbessert-RR-1024x776.jpg 1024w, https:\/\/www.mystisch.net\/blog\/wp-content\/uploads\/2024\/06\/IMG_7537-Verbessert-RR-300x227.jpg 300w, https:\/\/www.mystisch.net\/blog\/wp-content\/uploads\/2024\/06\/IMG_7537-Verbessert-RR-768x582.jpg 768w, https:\/\/www.mystisch.net\/blog\/wp-content\/uploads\/2024\/06\/IMG_7537-Verbessert-RR-1536x1163.jpg 1536w, https:\/\/www.mystisch.net\/blog\/wp-content\/uploads\/2024\/06\/IMG_7537-Verbessert-RR-2048x1551.jpg 2048w, https:\/\/www.mystisch.net\/blog\/wp-content\/uploads\/2024\/06\/IMG_7537-Verbessert-RR-1200x909.jpg 1200w, https:\/\/www.mystisch.net\/blog\/wp-content\/uploads\/2024\/06\/IMG_7537-Verbessert-RR-1980x1500.jpg 1980w\" sizes=\"auto, (max-width: 580px) 100vw, 580px\" \/><\/a><figcaption id=\"caption-attachment-831\" class=\"wp-caption-text\">Haus an der Widenmayerstra\u00dfe (26.05.2017) \u00a9 Thomas Irlbeck<\/figcaption><\/figure>\n<figure id=\"attachment_830\" aria-describedby=\"caption-attachment-830\" style=\"width: 580px\" class=\"wp-caption alignnone\"><a href=\"https:\/\/www.mystisch.net\/blog\/wp-content\/uploads\/2024\/06\/IMG_7530-Verbessert-RR.jpg\"><img loading=\"lazy\" decoding=\"async\" class=\"size-large wp-image-830\" src=\"https:\/\/www.mystisch.net\/blog\/wp-content\/uploads\/2024\/06\/IMG_7530-Verbessert-RR-1024x837.jpg\" alt=\"Haus an der Widenmayerstra\u00dfe\" width=\"580\" height=\"474\" srcset=\"https:\/\/www.mystisch.net\/blog\/wp-content\/uploads\/2024\/06\/IMG_7530-Verbessert-RR-1024x837.jpg 1024w, https:\/\/www.mystisch.net\/blog\/wp-content\/uploads\/2024\/06\/IMG_7530-Verbessert-RR-300x245.jpg 300w, https:\/\/www.mystisch.net\/blog\/wp-content\/uploads\/2024\/06\/IMG_7530-Verbessert-RR-768x628.jpg 768w, https:\/\/www.mystisch.net\/blog\/wp-content\/uploads\/2024\/06\/IMG_7530-Verbessert-RR-1536x1255.jpg 1536w, https:\/\/www.mystisch.net\/blog\/wp-content\/uploads\/2024\/06\/IMG_7530-Verbessert-RR-2048x1674.jpg 2048w, https:\/\/www.mystisch.net\/blog\/wp-content\/uploads\/2024\/06\/IMG_7530-Verbessert-RR-1200x981.jpg 1200w, https:\/\/www.mystisch.net\/blog\/wp-content\/uploads\/2024\/06\/IMG_7530-Verbessert-RR-1980x1618.jpg 1980w\" sizes=\"auto, (max-width: 580px) 100vw, 580px\" \/><\/a><figcaption id=\"caption-attachment-830\" class=\"wp-caption-text\">Haus an der Widenmayerstra\u00dfe (26.05.2017) \u00a9 Thomas Irlbeck<\/figcaption><\/figure>\n<h3>Marienstift in Bad T\u00f6lz<\/h3>\n<p>Marktstra\u00dfe 2, Ecke Kapellengasteig. Der Bayerische Denkmal-Atlas sagt dazu:<\/p>\n<blockquote><p>Ehem. Damenstift, sog. Marienstift, reich gegliederter und bemalter Baukomplex in Ecklage mit Kapellenvorbau und Giebelrisalit sowie s\u00fcdlichem Doppelgiebelhaus mit Hochlauben, Umbau von Gabriel von Seidl, 1905, Doppelgiebelhaus um 1910 mit \u00e4lterem Kern, Fresken von Karl Wahler.<\/p><\/blockquote>\n<figure id=\"attachment_883\" aria-describedby=\"caption-attachment-883\" style=\"width: 580px\" class=\"wp-caption alignnone\"><a href=\"https:\/\/www.mystisch.net\/blog\/wp-content\/uploads\/2024\/06\/IMG_3759.jpg\"><img loading=\"lazy\" decoding=\"async\" class=\"size-large wp-image-883\" src=\"https:\/\/www.mystisch.net\/blog\/wp-content\/uploads\/2024\/06\/IMG_3759-1024x683.jpg\" alt=\"Marienstift in Bad T\u00f6lz\" width=\"580\" height=\"387\" srcset=\"https:\/\/www.mystisch.net\/blog\/wp-content\/uploads\/2024\/06\/IMG_3759-1024x683.jpg 1024w, https:\/\/www.mystisch.net\/blog\/wp-content\/uploads\/2024\/06\/IMG_3759-300x200.jpg 300w, https:\/\/www.mystisch.net\/blog\/wp-content\/uploads\/2024\/06\/IMG_3759-768x512.jpg 768w, https:\/\/www.mystisch.net\/blog\/wp-content\/uploads\/2024\/06\/IMG_3759-1536x1024.jpg 1536w, https:\/\/www.mystisch.net\/blog\/wp-content\/uploads\/2024\/06\/IMG_3759-2048x1366.jpg 2048w, https:\/\/www.mystisch.net\/blog\/wp-content\/uploads\/2024\/06\/IMG_3759-1200x800.jpg 1200w, https:\/\/www.mystisch.net\/blog\/wp-content\/uploads\/2024\/06\/IMG_3759-1980x1320.jpg 1980w\" sizes=\"auto, (max-width: 580px) 100vw, 580px\" \/><\/a><figcaption id=\"caption-attachment-883\" class=\"wp-caption-text\">Marienstift in Bad T\u00f6lz (07.07.2010) \u00a9 Thomas Irlbeck<\/figcaption><\/figure>\n<h3>Haus in Percha<\/h3>\n<figure id=\"attachment_1094\" aria-describedby=\"caption-attachment-1094\" style=\"width: 580px\" class=\"wp-caption alignnone\"><a href=\"https:\/\/www.mystisch.net\/blog\/wp-content\/uploads\/2024\/06\/Percha-Wuermstrasse.jpg\"><img loading=\"lazy\" decoding=\"async\" class=\"size-large wp-image-1094\" src=\"https:\/\/www.mystisch.net\/blog\/wp-content\/uploads\/2024\/06\/Percha-Wuermstrasse-1024x768.jpg\" alt=\"Percha, W\u00fcrmstra\u00dfe\" width=\"580\" height=\"435\" srcset=\"https:\/\/www.mystisch.net\/blog\/wp-content\/uploads\/2024\/06\/Percha-Wuermstrasse-1024x768.jpg 1024w, https:\/\/www.mystisch.net\/blog\/wp-content\/uploads\/2024\/06\/Percha-Wuermstrasse-300x225.jpg 300w, https:\/\/www.mystisch.net\/blog\/wp-content\/uploads\/2024\/06\/Percha-Wuermstrasse-768x576.jpg 768w, https:\/\/www.mystisch.net\/blog\/wp-content\/uploads\/2024\/06\/Percha-Wuermstrasse-1536x1152.jpg 1536w, https:\/\/www.mystisch.net\/blog\/wp-content\/uploads\/2024\/06\/Percha-Wuermstrasse-2048x1536.jpg 2048w, https:\/\/www.mystisch.net\/blog\/wp-content\/uploads\/2024\/06\/Percha-Wuermstrasse-1200x900.jpg 1200w, https:\/\/www.mystisch.net\/blog\/wp-content\/uploads\/2024\/06\/Percha-Wuermstrasse-1980x1485.jpg 1980w\" sizes=\"auto, (max-width: 580px) 100vw, 580px\" \/><\/a><figcaption id=\"caption-attachment-1094\" class=\"wp-caption-text\">Percha, W\u00fcrmstra\u00dfe (19.05.2025) \u00a9 Thomas Irlbeck<\/figcaption><\/figure>\n<p>Was f\u00fcr ein herrliches Haus in Percha bei Starnberg, W\u00fcrmstra\u00dfe. Kein Denkmalschutz.<\/p>\n","protected":false},"excerpt":{"rendered":"<p>In diesem Bericht entsteht eine Sammlung der sch\u00f6nsten H\u00e4user in M\u00fcnchen und im Umland. Es stehen hier keine Geschichten im Vordergrund, sondern es soll einfach besondere Architektur gezeigt werden. Nat\u00fcrlich sind die H\u00e4user auch herrliche Kulissen, in der zumindest in der Phantasie besondere Ph\u00e4nomene stattfinden k\u00f6nnten. Viele der hier gezeigten H\u00e4user sind denkmalgesch\u00fctzt. Die, die [&hellip;]<\/p>\n","protected":false},"author":1,"featured_media":0,"comment_status":"open","ping_status":"open","sticky":false,"template":"","format":"standard","meta":{"footnotes":""},"categories":[25],"tags":[350,42,349,10,346,347,56,341],"class_list":["post-791","post","type-post","status-publish","format-standard","hentry","category-denkmal","tag-bogenhausen","tag-glonn-bei-grafing","tag-ludwigsvorstadt","tag-muenchen","tag-sendling","tag-starnberg","tag-trudering","tag-waldtrudering"],"_links":{"self":[{"href":"https:\/\/www.mystisch.net\/blog\/wp-json\/wp\/v2\/posts\/791","targetHints":{"allow":["GET"]}}],"collection":[{"href":"https:\/\/www.mystisch.net\/blog\/wp-json\/wp\/v2\/posts"}],"about":[{"href":"https:\/\/www.mystisch.net\/blog\/wp-json\/wp\/v2\/types\/post"}],"author":[{"embeddable":true,"href":"https:\/\/www.mystisch.net\/blog\/wp-json\/wp\/v2\/users\/1"}],"replies":[{"embeddable":true,"href":"https:\/\/www.mystisch.net\/blog\/wp-json\/wp\/v2\/comments?post=791"}],"version-history":[{"count":0,"href":"https:\/\/www.mystisch.net\/blog\/wp-json\/wp\/v2\/posts\/791\/revisions"}],"wp:attachment":[{"href":"https:\/\/www.mystisch.net\/blog\/wp-json\/wp\/v2\/media?parent=791"}],"wp:term":[{"taxonomy":"category","embeddable":true,"href":"https:\/\/www.mystisch.net\/blog\/wp-json\/wp\/v2\/categories?post=791"},{"taxonomy":"post_tag","embeddable":true,"href":"https:\/\/www.mystisch.net\/blog\/wp-json\/wp\/v2\/tags?post=791"}],"curies":[{"name":"wp","href":"https:\/\/api.w.org\/{rel}","templated":true}]}}