{"id":835,"date":"2018-04-03T23:41:57","date_gmt":"2018-04-03T21:41:57","guid":{"rendered":"https:\/\/www.mystisch.net\/blog\/?p=835"},"modified":"2025-12-30T17:23:55","modified_gmt":"2025-12-30T16:23:55","slug":"turnerschule","status":"publish","type":"post","link":"https:\/\/www.mystisch.net\/blog\/turnerschule\/","title":{"rendered":"Die Turnerschule \u2013 die ehemals sch\u00f6nste Schule M\u00fcnchens"},"content":{"rendered":"<figure id=\"attachment_837\" aria-describedby=\"caption-attachment-837\" style=\"width: 580px\" class=\"wp-caption alignnone\"><a href=\"https:\/\/www.mystisch.net\/blog\/wp-content\/uploads\/2024\/06\/IMG_2510-Verbessert-RR.jpg\"><img loading=\"lazy\" decoding=\"async\" class=\"size-large wp-image-837\" src=\"https:\/\/www.mystisch.net\/blog\/wp-content\/uploads\/2024\/06\/IMG_2510-Verbessert-RR-1024x768.jpg\" alt=\"Grundschule an der Turnerstra\u00dfe\" width=\"580\" height=\"435\" srcset=\"https:\/\/www.mystisch.net\/blog\/wp-content\/uploads\/2024\/06\/IMG_2510-Verbessert-RR-1024x768.jpg 1024w, https:\/\/www.mystisch.net\/blog\/wp-content\/uploads\/2024\/06\/IMG_2510-Verbessert-RR-300x225.jpg 300w, https:\/\/www.mystisch.net\/blog\/wp-content\/uploads\/2024\/06\/IMG_2510-Verbessert-RR-768x576.jpg 768w, https:\/\/www.mystisch.net\/blog\/wp-content\/uploads\/2024\/06\/IMG_2510-Verbessert-RR-1536x1152.jpg 1536w, https:\/\/www.mystisch.net\/blog\/wp-content\/uploads\/2024\/06\/IMG_2510-Verbessert-RR-2048x1536.jpg 2048w, https:\/\/www.mystisch.net\/blog\/wp-content\/uploads\/2024\/06\/IMG_2510-Verbessert-RR-1200x900.jpg 1200w, https:\/\/www.mystisch.net\/blog\/wp-content\/uploads\/2024\/06\/IMG_2510-Verbessert-RR-1980x1485.jpg 1980w\" sizes=\"auto, (max-width: 580px) 100vw, 580px\" \/><\/a><figcaption id=\"caption-attachment-837\" class=\"wp-caption-text\">Die Turnerschule mit dem Haupteingang (03.04.2018) \u00a9 Thomas Irlbeck<\/figcaption><\/figure>\n<p>Die &#8222;Grundschule an der Turnerstra\u00dfe&#8220; (kurz: Turnerschule) liegt in Waldtrudering. Die genaue Adresse ist Turnerstra\u00dfe 46, das ist H\u00f6he Reiherweg. Die Stra\u00dfe wurde nach dem ehemaligen &#8222;Turnerplatz&#8220;, dem heutigen Gel\u00e4nde der Schule, benannt.<\/p>\n<p>Das Gel\u00e4nde geh\u00f6rte dem damaligen &#8222;Arbeiter-Turn-Verein M\u00fcnchen Ost&#8220; (heute &#8222;Turn- und Sportverein M\u00fcnchen-Ost e.V.&#8220;), sodass der Stra\u00dfenname tats\u00e4chlich etwas mit dem Turnsport zu tun hat und nicht etwa einer Pers\u00f6nlichkeit gewidmet ist.<\/p>\n<p>Die Tunerstra\u00dfe ist lang, sie verl\u00e4uft vom &#8222;Am Hochacker&#8220; bis zur Wasserburger Landstra\u00dfe. Letztere ist nicht allzu weit vom Schulgel\u00e4nde entfernt.<\/p>\n<p>Auff\u00e4llig tr\u00e4gt der dreigeschossige Bau die gro\u00dfe Jahreszahl 1938 unter dem Dachgiebel.<\/p>\n<p>Update 2025: Das Geb\u00e4ude steht nun unter Denkmalschutz. Bayerische Denkmal-Atlas sagt dazu:<\/p>\n<blockquote><p>Ehem. Volksschule, sog. Ostmark-Schule, jetzt Grundschule an der Turnerstra\u00dfe, dreigeschossiger Satteldachbau mit weit \u00fcberstehendem Dach und niedrigem Nebenfl\u00fcgel mit Turnhalle, im Heimat- bzw. Heimatschutzstil, von Hermann Leitenstorfer, 1937\/38.<\/p><\/blockquote>\n<h3>Nationalsozialistische Geschichte<\/h3>\n<p>Urspr\u00fcnglich hie\u00df die Schule &#8222;Ostmark-Schule&#8220;, was auf den Anschluss \u00d6sterreichs 1938 an Deutschland anspielt und nat\u00fcrlich nichts mit der W\u00e4hrung der DDR zu tun hat. Die Schule wurde errichtet, um die 1930 gebaute und schon bald zu klein gewordene Waldschule zu entlasten. Die Bauphase war von 1938 bis 1939. Der Bezug fand am 12. Juni 1939 statt, die offizielle Einweihung am 28. September 1939. Die Schule galt als sch\u00f6nste von ganz M\u00fcnchen, wozu die &#8222;wunderbar ausgemalten T\u00fcrbl\u00e4tter und Trachtenfiguren der \u00f6sterreichischen Landschaften&#8220; beitrugen. Damit wird klar, dass auch die malerische Gestaltung auf den Anschluss \u00d6sterreichs Bezug nimmt.<\/p>\n<p>\u00dcber dem Portal gab es eine Inschrift, die nach dem Krieg wenig \u00fcberraschend \u00fcbermalt wurde:<\/p>\n<blockquote><p>Dieses Schulgeb\u00e4ude wurde erbaut im Jahre 1938, in dem die Ostmark in das Reich heimgekehrt ist.<\/p><\/blockquote>\n<p>In der Endphase des Zweiten Weltkrieges \u2013 ab dem 29. August 1943 \u2013 wurde die Schule zum Hilfskrankenhaus. Erst im April 1948 kamen die Sch\u00fcler zur\u00fcck. 1969 wurde die Schule um einen Anbau erweitert. 2015 wurde eine neue Mensa (Bild weiter unten) gebaut und am 13. M\u00e4rz 2017 er\u00f6ffnet. Derzeit besuchen rund 600 Sch\u00fclerinnen und Sch\u00fcler in \u00fcber 20 Klassen die Schule.<\/p>\n<p>Der Bayerische Denkmal-Atlas wei\u00df zu dem Geb\u00e4ude Folgendes zu berichten:<\/p>\n<blockquote><p>Ehem. Volksschule, sog. Ostmark-Schule, jetzt Grundschule an der Turnerstra\u00dfe, dreigeschossiger Satteldachbau mit weit \u00fcberstehendem Dach und niedrigem Nebenfl\u00fcgel mit Turnhalle, im Heimat- bzw. Heimatschutzstil, von Hermann Leitenstorfer, 1937\/38. Benehmen nicht hergestellt.<\/p><\/blockquote>\n<figure id=\"attachment_836\" aria-describedby=\"caption-attachment-836\" style=\"width: 580px\" class=\"wp-caption alignnone\"><a href=\"https:\/\/www.mystisch.net\/blog\/wp-content\/uploads\/2024\/06\/IMG_2505-Verbessert-RR.jpg\"><img loading=\"lazy\" decoding=\"async\" class=\"size-large wp-image-836\" src=\"https:\/\/www.mystisch.net\/blog\/wp-content\/uploads\/2024\/06\/IMG_2505-Verbessert-RR-1024x781.jpg\" alt=\"Grundschule an der Turnerstra\u00dfe\" width=\"580\" height=\"442\" srcset=\"https:\/\/www.mystisch.net\/blog\/wp-content\/uploads\/2024\/06\/IMG_2505-Verbessert-RR-1024x781.jpg 1024w, https:\/\/www.mystisch.net\/blog\/wp-content\/uploads\/2024\/06\/IMG_2505-Verbessert-RR-300x229.jpg 300w, https:\/\/www.mystisch.net\/blog\/wp-content\/uploads\/2024\/06\/IMG_2505-Verbessert-RR-768x586.jpg 768w, https:\/\/www.mystisch.net\/blog\/wp-content\/uploads\/2024\/06\/IMG_2505-Verbessert-RR-1536x1172.jpg 1536w, https:\/\/www.mystisch.net\/blog\/wp-content\/uploads\/2024\/06\/IMG_2505-Verbessert-RR-2048x1562.jpg 2048w, https:\/\/www.mystisch.net\/blog\/wp-content\/uploads\/2024\/06\/IMG_2505-Verbessert-RR-1200x915.jpg 1200w, https:\/\/www.mystisch.net\/blog\/wp-content\/uploads\/2024\/06\/IMG_2505-Verbessert-RR-1980x1511.jpg 1980w\" sizes=\"auto, (max-width: 580px) 100vw, 580px\" \/><\/a><figcaption id=\"caption-attachment-836\" class=\"wp-caption-text\">Totale (03.04.2018) \u00a9 Thomas Irlbeck<\/figcaption><\/figure>\n<figure id=\"attachment_839\" aria-describedby=\"caption-attachment-839\" style=\"width: 580px\" class=\"wp-caption alignnone\"><a href=\"https:\/\/www.mystisch.net\/blog\/wp-content\/uploads\/2024\/06\/IMG_2515-Verbessert-RR.jpg\"><img loading=\"lazy\" decoding=\"async\" class=\"size-large wp-image-839\" src=\"https:\/\/www.mystisch.net\/blog\/wp-content\/uploads\/2024\/06\/IMG_2515-Verbessert-RR-1024x768.jpg\" alt=\"Grundschule an der Turnerstra\u00dfe\" width=\"580\" height=\"435\" srcset=\"https:\/\/www.mystisch.net\/blog\/wp-content\/uploads\/2024\/06\/IMG_2515-Verbessert-RR-1024x768.jpg 1024w, https:\/\/www.mystisch.net\/blog\/wp-content\/uploads\/2024\/06\/IMG_2515-Verbessert-RR-300x225.jpg 300w, https:\/\/www.mystisch.net\/blog\/wp-content\/uploads\/2024\/06\/IMG_2515-Verbessert-RR-768x576.jpg 768w, https:\/\/www.mystisch.net\/blog\/wp-content\/uploads\/2024\/06\/IMG_2515-Verbessert-RR-1536x1152.jpg 1536w, https:\/\/www.mystisch.net\/blog\/wp-content\/uploads\/2024\/06\/IMG_2515-Verbessert-RR-2048x1536.jpg 2048w, https:\/\/www.mystisch.net\/blog\/wp-content\/uploads\/2024\/06\/IMG_2515-Verbessert-RR-1200x900.jpg 1200w, https:\/\/www.mystisch.net\/blog\/wp-content\/uploads\/2024\/06\/IMG_2515-Verbessert-RR-1980x1485.jpg 1980w\" sizes=\"auto, (max-width: 580px) 100vw, 580px\" \/><\/a><figcaption id=\"caption-attachment-839\" class=\"wp-caption-text\">Eingang (03.04.2018) \u00a9 Thomas Irlbeck<\/figcaption><\/figure>\n<figure id=\"attachment_838\" aria-describedby=\"caption-attachment-838\" style=\"width: 580px\" class=\"wp-caption alignnone\"><a href=\"https:\/\/www.mystisch.net\/blog\/wp-content\/uploads\/2024\/06\/IMG_2513-Verbessert-RR.jpg\"><img loading=\"lazy\" decoding=\"async\" class=\"size-large wp-image-838\" src=\"https:\/\/www.mystisch.net\/blog\/wp-content\/uploads\/2024\/06\/IMG_2513-Verbessert-RR-1024x799.jpg\" alt=\"Grundschule an der Turnerstra\u00dfe\" width=\"580\" height=\"453\" srcset=\"https:\/\/www.mystisch.net\/blog\/wp-content\/uploads\/2024\/06\/IMG_2513-Verbessert-RR-1024x799.jpg 1024w, https:\/\/www.mystisch.net\/blog\/wp-content\/uploads\/2024\/06\/IMG_2513-Verbessert-RR-300x234.jpg 300w, https:\/\/www.mystisch.net\/blog\/wp-content\/uploads\/2024\/06\/IMG_2513-Verbessert-RR-768x599.jpg 768w, https:\/\/www.mystisch.net\/blog\/wp-content\/uploads\/2024\/06\/IMG_2513-Verbessert-RR-1536x1198.jpg 1536w, https:\/\/www.mystisch.net\/blog\/wp-content\/uploads\/2024\/06\/IMG_2513-Verbessert-RR-2048x1598.jpg 2048w, https:\/\/www.mystisch.net\/blog\/wp-content\/uploads\/2024\/06\/IMG_2513-Verbessert-RR-1200x936.jpg 1200w, https:\/\/www.mystisch.net\/blog\/wp-content\/uploads\/2024\/06\/IMG_2513-Verbessert-RR-1980x1545.jpg 1980w\" sizes=\"auto, (max-width: 580px) 100vw, 580px\" \/><\/a><figcaption id=\"caption-attachment-838\" class=\"wp-caption-text\">Jahreszahl unter dem Giebel (03.04.2018) \u00a9 Thomas Irlbeck<\/figcaption><\/figure>\n<figure id=\"attachment_840\" aria-describedby=\"caption-attachment-840\" style=\"width: 580px\" class=\"wp-caption alignnone\"><a href=\"https:\/\/www.mystisch.net\/blog\/wp-content\/uploads\/2024\/06\/BSG_2016_10_29_4742_cr.jpg\"><img loading=\"lazy\" decoding=\"async\" class=\"size-large wp-image-840\" src=\"https:\/\/www.mystisch.net\/blog\/wp-content\/uploads\/2024\/06\/BSG_2016_10_29_4742_cr-1024x576.jpg\" alt=\"Grundschule an der Turnerstra\u00dfe\" width=\"580\" height=\"326\" srcset=\"https:\/\/www.mystisch.net\/blog\/wp-content\/uploads\/2024\/06\/BSG_2016_10_29_4742_cr-1024x576.jpg 1024w, https:\/\/www.mystisch.net\/blog\/wp-content\/uploads\/2024\/06\/BSG_2016_10_29_4742_cr-300x169.jpg 300w, https:\/\/www.mystisch.net\/blog\/wp-content\/uploads\/2024\/06\/BSG_2016_10_29_4742_cr-768x432.jpg 768w, https:\/\/www.mystisch.net\/blog\/wp-content\/uploads\/2024\/06\/BSG_2016_10_29_4742_cr-1536x864.jpg 1536w, https:\/\/www.mystisch.net\/blog\/wp-content\/uploads\/2024\/06\/BSG_2016_10_29_4742_cr-1200x675.jpg 1200w, https:\/\/www.mystisch.net\/blog\/wp-content\/uploads\/2024\/06\/BSG_2016_10_29_4742_cr.jpg 1920w\" sizes=\"auto, (max-width: 580px) 100vw, 580px\" \/><\/a><figcaption id=\"caption-attachment-840\" class=\"wp-caption-text\">Die neue Mensa (29.10.2016). Foto: Benno Steuernagel-Gniffke<\/figcaption><\/figure>\n<figure id=\"attachment_842\" aria-describedby=\"caption-attachment-842\" style=\"width: 580px\" class=\"wp-caption alignnone\"><a href=\"https:\/\/www.mystisch.net\/blog\/wp-content\/uploads\/2024\/06\/BSG_2016_11_12_4779_cr.jpg\"><img loading=\"lazy\" decoding=\"async\" class=\"size-large wp-image-842\" src=\"https:\/\/www.mystisch.net\/blog\/wp-content\/uploads\/2024\/06\/BSG_2016_11_12_4779_cr-1024x576.jpg\" alt=\"Grundschule an der Turnerstra\u00dfe\" width=\"580\" height=\"326\" srcset=\"https:\/\/www.mystisch.net\/blog\/wp-content\/uploads\/2024\/06\/BSG_2016_11_12_4779_cr-1024x576.jpg 1024w, https:\/\/www.mystisch.net\/blog\/wp-content\/uploads\/2024\/06\/BSG_2016_11_12_4779_cr-300x169.jpg 300w, https:\/\/www.mystisch.net\/blog\/wp-content\/uploads\/2024\/06\/BSG_2016_11_12_4779_cr-768x432.jpg 768w, https:\/\/www.mystisch.net\/blog\/wp-content\/uploads\/2024\/06\/BSG_2016_11_12_4779_cr-1200x675.jpg 1200w, https:\/\/www.mystisch.net\/blog\/wp-content\/uploads\/2024\/06\/BSG_2016_11_12_4779_cr.jpg 1407w\" sizes=\"auto, (max-width: 580px) 100vw, 580px\" \/><\/a><figcaption id=\"caption-attachment-842\" class=\"wp-caption-text\">Herbststimmung (12.11.2016). Foto: Benno Steuernagel-Gniffke<\/figcaption><\/figure>\n<figure id=\"attachment_841\" aria-describedby=\"caption-attachment-841\" style=\"width: 580px\" class=\"wp-caption alignnone\"><a href=\"https:\/\/www.mystisch.net\/blog\/wp-content\/uploads\/2024\/06\/BSG_2016_11_05_4768_cr.jpg\"><img loading=\"lazy\" decoding=\"async\" class=\"size-large wp-image-841\" src=\"https:\/\/www.mystisch.net\/blog\/wp-content\/uploads\/2024\/06\/BSG_2016_11_05_4768_cr-1024x576.jpg\" alt=\"Grundschule an der Turnerstra\u00dfe\" width=\"580\" height=\"326\" srcset=\"https:\/\/www.mystisch.net\/blog\/wp-content\/uploads\/2024\/06\/BSG_2016_11_05_4768_cr-1024x576.jpg 1024w, https:\/\/www.mystisch.net\/blog\/wp-content\/uploads\/2024\/06\/BSG_2016_11_05_4768_cr-300x169.jpg 300w, https:\/\/www.mystisch.net\/blog\/wp-content\/uploads\/2024\/06\/BSG_2016_11_05_4768_cr-768x432.jpg 768w, https:\/\/www.mystisch.net\/blog\/wp-content\/uploads\/2024\/06\/BSG_2016_11_05_4768_cr.jpg 1047w\" sizes=\"auto, (max-width: 580px) 100vw, 580px\" \/><\/a><figcaption id=\"caption-attachment-841\" class=\"wp-caption-text\">Herbststimmung (05.11.2016). Foto: Benno Steuernagel-Gniffke<\/figcaption><\/figure>\n<figure id=\"attachment_843\" aria-describedby=\"caption-attachment-843\" style=\"width: 580px\" class=\"wp-caption alignnone\"><a href=\"https:\/\/www.mystisch.net\/blog\/wp-content\/uploads\/2024\/06\/BSG_2017_01_14_1628.jpg\"><img loading=\"lazy\" decoding=\"async\" class=\"size-large wp-image-843\" src=\"https:\/\/www.mystisch.net\/blog\/wp-content\/uploads\/2024\/06\/BSG_2017_01_14_1628-1024x683.jpg\" alt=\"Grundschule an der Turnerstra\u00dfe\" width=\"580\" height=\"387\" srcset=\"https:\/\/www.mystisch.net\/blog\/wp-content\/uploads\/2024\/06\/BSG_2017_01_14_1628-1024x683.jpg 1024w, https:\/\/www.mystisch.net\/blog\/wp-content\/uploads\/2024\/06\/BSG_2017_01_14_1628-300x200.jpg 300w, https:\/\/www.mystisch.net\/blog\/wp-content\/uploads\/2024\/06\/BSG_2017_01_14_1628-768x512.jpg 768w, https:\/\/www.mystisch.net\/blog\/wp-content\/uploads\/2024\/06\/BSG_2017_01_14_1628.jpg 1047w\" sizes=\"auto, (max-width: 580px) 100vw, 580px\" \/><\/a><figcaption id=\"caption-attachment-843\" class=\"wp-caption-text\">Winterstimmung (14.01.2017). Foto: Benno Steuernagel-Gniffke<\/figcaption><\/figure>\n<h3>3D-Ansicht der Schule (Google Maps)<\/h3>\n<p><strong>Hinweis:<\/strong> Die neue Mensa ist in dieser Ansicht mit dem Stand April 2018 noch nicht zu sehen.<\/p>\n<p><iframe loading=\"lazy\" style=\"border: 0;\" src=\"https:\/\/www.google.com\/maps\/embed?pb=!1m18!1m12!1m3!1d177.9149290798232!2d11.694600811351364!3d48.11121858028024!2m3!1f0!2f39.29368608324462!3f0!3m2!1i1024!2i768!4f35!3m3!1m2!1s0x479de02d60678c43%3A0x9945c6af7850efba!2sTurnerschule+M%C3%BCnchen-Waldtrudering!5e1!3m2!1sde!2sde!4v1522795760816\" width=\"600\" height=\"450\" frameborder=\"0\" allowfullscreen=\"allowfullscreen\"><\/iframe><\/p>\n<h3>Quelle<\/h3>\n<p>Trudering \u2013 Waldtrudering \u2013 Riem: M\u00fcnchens ferner Osten \/ hrsg. von Willibald Karl. Mit Beitr. von Karl Bachmair \u2026 \u2013 M\u00fcnchen: Buchendorfer Verl., 2000<img loading=\"lazy\" decoding=\"async\" class=\"vg\" src=\"https:\/\/ssl-vg03.met.vgwort.de\/na\/50b34b05a810433c8602d39aee6685eb\" alt=\"\" width=\"1\" height=\"1\" \/><\/p>\n","protected":false},"excerpt":{"rendered":"<p>Die &#8222;Grundschule an der Turnerstra\u00dfe&#8220; (kurz: Turnerschule) liegt in Waldtrudering. Die genaue Adresse ist Turnerstra\u00dfe 46, das ist H\u00f6he Reiherweg. Die Stra\u00dfe wurde nach dem ehemaligen &#8222;Turnerplatz&#8220;, dem heutigen Gel\u00e4nde der Schule, benannt. Das Gel\u00e4nde geh\u00f6rte dem damaligen &#8222;Arbeiter-Turn-Verein M\u00fcnchen Ost&#8220; (heute &#8222;Turn- und Sportverein M\u00fcnchen-Ost e.V.&#8220;), sodass der Stra\u00dfenname tats\u00e4chlich etwas mit dem Turnsport [&hellip;]<\/p>\n","protected":false},"author":1,"featured_media":0,"comment_status":"open","ping_status":"open","sticky":false,"template":"","format":"standard","meta":{"footnotes":""},"categories":[25],"tags":[351,359,10,352,353,354,355,56,357,341],"class_list":["post-835","post","type-post","status-publish","format-standard","hentry","category-denkmal","tag-anschluss-oesterreichs","tag-grundschule","tag-muenchen","tag-oesterreich","tag-ostmark-staatsgebiet","tag-ostmark-schule","tag-schule","tag-trudering","tag-turnerschule","tag-waldtrudering"],"_links":{"self":[{"href":"https:\/\/www.mystisch.net\/blog\/wp-json\/wp\/v2\/posts\/835","targetHints":{"allow":["GET"]}}],"collection":[{"href":"https:\/\/www.mystisch.net\/blog\/wp-json\/wp\/v2\/posts"}],"about":[{"href":"https:\/\/www.mystisch.net\/blog\/wp-json\/wp\/v2\/types\/post"}],"author":[{"embeddable":true,"href":"https:\/\/www.mystisch.net\/blog\/wp-json\/wp\/v2\/users\/1"}],"replies":[{"embeddable":true,"href":"https:\/\/www.mystisch.net\/blog\/wp-json\/wp\/v2\/comments?post=835"}],"version-history":[{"count":0,"href":"https:\/\/www.mystisch.net\/blog\/wp-json\/wp\/v2\/posts\/835\/revisions"}],"wp:attachment":[{"href":"https:\/\/www.mystisch.net\/blog\/wp-json\/wp\/v2\/media?parent=835"}],"wp:term":[{"taxonomy":"category","embeddable":true,"href":"https:\/\/www.mystisch.net\/blog\/wp-json\/wp\/v2\/categories?post=835"},{"taxonomy":"post_tag","embeddable":true,"href":"https:\/\/www.mystisch.net\/blog\/wp-json\/wp\/v2\/tags?post=835"}],"curies":[{"name":"wp","href":"https:\/\/api.w.org\/{rel}","templated":true}]}}