{"id":870,"date":"2014-07-20T12:56:41","date_gmt":"2014-07-20T10:56:41","guid":{"rendered":"https:\/\/www.mystisch.net\/blog\/?p=870"},"modified":"2025-05-25T18:42:13","modified_gmt":"2025-05-25T16:42:13","slug":"die-koenigseiche-bei-moosach-grafing","status":"publish","type":"post","link":"https:\/\/www.mystisch.net\/blog\/die-koenigseiche-bei-moosach-grafing\/","title":{"rendered":"Die K\u00f6nigseiche bei Moosach (Grafing)"},"content":{"rendered":"<figure id=\"attachment_878\" aria-describedby=\"caption-attachment-878\" style=\"width: 580px\" class=\"wp-caption alignnone\"><a href=\"https:\/\/www.mystisch.net\/blog\/wp-content\/uploads\/2024\/07\/IMG_4927-Verbessert-RR.jpg\"><img loading=\"lazy\" decoding=\"async\" class=\"size-large wp-image-878\" src=\"https:\/\/www.mystisch.net\/blog\/wp-content\/uploads\/2024\/07\/IMG_4927-Verbessert-RR-1024x683.jpg\" alt=\"Die K\u00f6nigseiche bei Moosach (Grafing)\" width=\"580\" height=\"387\" srcset=\"https:\/\/www.mystisch.net\/blog\/wp-content\/uploads\/2024\/07\/IMG_4927-Verbessert-RR-1024x683.jpg 1024w, https:\/\/www.mystisch.net\/blog\/wp-content\/uploads\/2024\/07\/IMG_4927-Verbessert-RR-300x200.jpg 300w, https:\/\/www.mystisch.net\/blog\/wp-content\/uploads\/2024\/07\/IMG_4927-Verbessert-RR-768x512.jpg 768w, https:\/\/www.mystisch.net\/blog\/wp-content\/uploads\/2024\/07\/IMG_4927-Verbessert-RR-1536x1024.jpg 1536w, https:\/\/www.mystisch.net\/blog\/wp-content\/uploads\/2024\/07\/IMG_4927-Verbessert-RR-2048x1366.jpg 2048w, https:\/\/www.mystisch.net\/blog\/wp-content\/uploads\/2024\/07\/IMG_4927-Verbessert-RR-1200x800.jpg 1200w, https:\/\/www.mystisch.net\/blog\/wp-content\/uploads\/2024\/07\/IMG_4927-Verbessert-RR-1980x1320.jpg 1980w\" sizes=\"auto, (max-width: 580px) 100vw, 580px\" \/><\/a><figcaption id=\"caption-attachment-878\" class=\"wp-caption-text\">2013 stellte ich mir noch die Frage: Was soll dieses Objekt darstellen? (Archivbild) \u00a9 Thomas Irlbeck<\/figcaption><\/figure>\n<p>Bereits 2013 kam ich an diesem seltsam erscheinenden Objekt vorbei, das sich unweit von Moosach bei Grafing befindet. Es sind aufrechte Holzpf\u00e4hle und Holzst\u00fccke, teilweise mit l\u00e4nglichen Metallplatten verbunden, die in einem riesigen Kreis angeordnet sind. Was soll dies darstellen? Eine Kultst\u00e4tte? Ein Kunstwerk? Ich kam nicht darauf, aber schoss ein Foto.<\/p>\n<p>Vermutlich l\u00e4sst sich das R\u00e4tsel durch Kombinieren und \u00dcberlegen alleine nicht l\u00f6sen. Erfreulicherweise hat man nun zwei Infotafeln aufgestellt, welche die Fragen beantworten.<\/p>\n<figure id=\"attachment_871\" aria-describedby=\"caption-attachment-871\" style=\"width: 234px\" class=\"wp-caption alignleft\"><a href=\"https:\/\/www.mystisch.net\/blog\/wp-content\/uploads\/2024\/07\/IMG_1590-Verbessert-RR.jpg\"><img loading=\"lazy\" decoding=\"async\" class=\"size-medium wp-image-871\" src=\"https:\/\/www.mystisch.net\/blog\/wp-content\/uploads\/2024\/07\/IMG_1590-Verbessert-RR-234x300.jpg\" alt=\"Die K\u00f6nigseiche bei Moosach (Grafing)\" width=\"234\" height=\"300\" srcset=\"https:\/\/www.mystisch.net\/blog\/wp-content\/uploads\/2024\/07\/IMG_1590-Verbessert-RR-234x300.jpg 234w, https:\/\/www.mystisch.net\/blog\/wp-content\/uploads\/2024\/07\/IMG_1590-Verbessert-RR-799x1024.jpg 799w, https:\/\/www.mystisch.net\/blog\/wp-content\/uploads\/2024\/07\/IMG_1590-Verbessert-RR-768x984.jpg 768w, https:\/\/www.mystisch.net\/blog\/wp-content\/uploads\/2024\/07\/IMG_1590-Verbessert-RR-1199x1536.jpg 1199w, https:\/\/www.mystisch.net\/blog\/wp-content\/uploads\/2024\/07\/IMG_1590-Verbessert-RR-1598x2048.jpg 1598w, https:\/\/www.mystisch.net\/blog\/wp-content\/uploads\/2024\/07\/IMG_1590-Verbessert-RR-1200x1538.jpg 1200w, https:\/\/www.mystisch.net\/blog\/wp-content\/uploads\/2024\/07\/IMG_1590-Verbessert-RR-1980x2537.jpg 1980w, https:\/\/www.mystisch.net\/blog\/wp-content\/uploads\/2024\/07\/IMG_1590-Verbessert-RR.jpg 1998w\" sizes=\"auto, (max-width: 234px) 100vw, 234px\" \/><\/a><figcaption id=\"caption-attachment-871\" class=\"wp-caption-text\">K\u00f6nigseiche 1909 (von der Infotafel abfotografiert)<\/figcaption><\/figure>\n<p>Es handelt sich bei diesem Objekt um ein Naturdenkmal auf der Flur <em>Breitwiese<\/em>. Es entstand 2012 und erinnert an die m\u00e4chtige Maximilians- oder K\u00f6nigseiche, einer Stieleiche, die rund 1.000 Jahre alt gewesen ist und am 7. April 1988 exakt an dieser Stelle Opfer der Osterst\u00fcrme wurde. Der Kreis des Naturdenkmals bildet den enormen Stammumfang ab, der stolze 13 Meter betrug. Mit integriert wurden die letzten noch enthaltenen Stammreste der K\u00f6nigseiche sowie f\u00fcnf Sitzsteinbl\u00f6cke aus heimischem Nagelfluh. Wenige Meter entfernt (im ersten Bild ganz rechts) wurde \u2013 ebenso 2012 \u2013 eine neue Stieleiche gepflanzt.<\/p>\n<h3>Fr\u00fche urkundliche Erw\u00e4hnung<\/h3>\n<p>Bereits in einer Urkunde aus dem 13. Jahrhundert wurde die K\u00f6nigseiche als &#8222;alter und gro\u00dfer Baum&#8220; erw\u00e4hnt.<\/p>\n<h3>Namensherkunft K\u00f6nigs-\/Maximilianseiche<\/h3>\n<p>K\u00f6nig Ludwig I. kaufte die Eiche 1846 von Kaspar Maier ab, dem Bauern am nahe gelegenen Schartlhof, und zahlte ihm 70 Gulden, um den Baum vor Abholzung zu sch\u00fctzen und der Nachwelt zu erhalten. Dennoch wurde die Eiche <em>Maximilianseiche<\/em> und nicht etwa <em>Ludwigseiche<\/em> genannt. Eine Erkl\u00e4rung k\u00f6nnte eine Namensverwechslung sein. Auf dem an der Eiche angebrachten Schild stand f\u00e4lschlicherweise &#8222;Diese mehr als tausendj\u00e4hrige Eiche wurde von weiland Maximilian II. K\u00f6nig von Bayern, dem Unverge\u00dflichen, gekauft, um sie vor Vernichtung durch die Axt zu bewahren (gestiftet von B\u00fcrgern Haidhausens 1882, renov. 1892 und 1898)&#8220;. Erst 1952 wurde der Fehler in einem neuen Schild korrigiert.<\/p>\n<h3>Die 1.000-j\u00e4hrige K\u00f6nigseiche \u2013 Ausflugsziel und Kraftplatz<\/h3>\n<p>Eine historische Aufnahme von 1909 l\u00e4sst erahnen, wie m\u00e4chtig der Baum war. Schon damals war die Eiche l\u00e4ngst zu einem beliebten Ausflugsziel geworden. Die Besucher sch\u00e4tzten den Ort als Kraftzentrum.<\/p>\n<h3>Rettungsversuche<\/h3>\n<p>Die Eiche wurde keinesfalls ihrem Schicksal \u00fcberlassen. Bereits 1949 wurden Sanierungen an dem altersschwachen Baum durchgef\u00fchrt. Dabei wurde im Inneren des Baumes ein Ger\u00fcst aus Eichenpf\u00e4hlen installiert und mit 12 Kubikmetern Beton aufgef\u00fcllt. Herausbrechende Teile des Baumes konnten auf diese Weise durch starke Verschraubungen an dem Ger\u00fcst wieder fixiert werden. Mit einer 25 Meter langen Eisenkette, mehrere Zentner schwer, wurde der Baum zusammengeschn\u00fcrt. Derartige Reparaturen unter Einsatz von Beton werden heute nicht mehr durchgef\u00fchrt, da sie dem Baum mehr schaden als n\u00fctzen. Denn die sich dort festsetzende Feuchtigkeit f\u00fchrt zu Pilzbefall. Auch geht die Sicherheit vor, gerade wenn B\u00e4ume nahe an Stra\u00dfen stehen. B\u00e4ume, die ein Risiko darstellen, werden gef\u00e4llt. Alleeb\u00e4ume werden heutzutage kaum mehr als 80 bis 100 Jahre alt.<\/p>\n<figure id=\"attachment_872\" aria-describedby=\"caption-attachment-872\" style=\"width: 580px\" class=\"wp-caption alignnone\"><a href=\"https:\/\/www.mystisch.net\/blog\/wp-content\/uploads\/2024\/07\/IMG_1593-Verbessert-RR.jpg\"><img loading=\"lazy\" decoding=\"async\" class=\"size-large wp-image-872\" src=\"https:\/\/www.mystisch.net\/blog\/wp-content\/uploads\/2024\/07\/IMG_1593-Verbessert-RR-1024x688.jpg\" alt=\"Die K\u00f6nigseiche bei Moosach (Grafing)\" width=\"580\" height=\"390\" srcset=\"https:\/\/www.mystisch.net\/blog\/wp-content\/uploads\/2024\/07\/IMG_1593-Verbessert-RR-1024x688.jpg 1024w, https:\/\/www.mystisch.net\/blog\/wp-content\/uploads\/2024\/07\/IMG_1593-Verbessert-RR-300x201.jpg 300w, https:\/\/www.mystisch.net\/blog\/wp-content\/uploads\/2024\/07\/IMG_1593-Verbessert-RR-768x516.jpg 768w, https:\/\/www.mystisch.net\/blog\/wp-content\/uploads\/2024\/07\/IMG_1593-Verbessert-RR-1536x1031.jpg 1536w, https:\/\/www.mystisch.net\/blog\/wp-content\/uploads\/2024\/07\/IMG_1593-Verbessert-RR-2048x1375.jpg 2048w, https:\/\/www.mystisch.net\/blog\/wp-content\/uploads\/2024\/07\/IMG_1593-Verbessert-RR-1200x806.jpg 1200w, https:\/\/www.mystisch.net\/blog\/wp-content\/uploads\/2024\/07\/IMG_1593-Verbessert-RR-1980x1330.jpg 1980w\" sizes=\"auto, (max-width: 580px) 100vw, 580px\" \/><\/a><figcaption id=\"caption-attachment-872\" class=\"wp-caption-text\">Reste K\u00f6nigseiche (von der Infotafel abfotografiert)<\/figcaption><\/figure>\n<p>Bei der Sanierung von 1949 wurden auch drei Ruheb\u00e4nke aufgestellt und eine Treppe errichtet, um den Zugang von der Stra\u00dfe zu erleichtern. Ebenso wurde das Alter der Eiche n\u00e4her bestimmt. Bei eine Z\u00e4hlung der Jahresringe an einem herausgebrochenen Stammst\u00fcck kommt der Heimatkundler Ludwig Aicher zu dem Ergebnis, dass der Baum mehr als 1.000 Jahre alt ist.<\/p>\n<h3>Das Ende \u2013 und ein Weiterleben als Denkmal und Madonnenskulptur<\/h3>\n<p>Ab 1960 verf\u00e4llt der Baum zusehends. Schuld an dem Niedergang soll auch der Fichtenaufwuchs gehabt haben, der dem Baum Licht entzog. Denn Eichen brauchen viel Licht. Pl\u00e4ne, die Fichten zu entfernen, konnten nicht umgesetzt werden, da Verhandlungen der Beh\u00f6rden scheiterten.<\/p>\n<p>1988 kam dann, wie schon erw\u00e4hnt, das Ende. Der Baum konnte den Osterst\u00fcrmen nichts mehr entgegensetzen und st\u00fcrzte um. Der Platz mit den Resten der K\u00f6nigseiche (Foto) wurde abgesichert. Aus den vermodernden Resten des Baumes wird 2000 ein gro\u00dfer Ast geborgen, aus dem der Ebersberger Bildhauer German Larasser eine lebensgro\u00dfe Madonnenskulptur mit Christuskind schnitzte, die in de Kapelle des Schartlhofes angebracht wurde. Der Baum ist damit nicht nur durch sein Naturdenkmal unsterblich geworden, sondern lebt auch in dieser Madonnenskulptur weiter.<\/p>\n<h3>Das Naturdenkmal<\/h3>\n<p>Die aktuellen Fotos vom 18. Juli 2014 zeigen das Naturdenkmal. Deutlich sind die alten Stammreste zu erkennen. Eine der beiden Infotafeln wurde in die Mitte des eigentlichen Denkmals gesetzt und die andere neben der Neupflanzung platziert (letztes Foto). Die neu geschaffene Lichtung soll dauerhaft freigehalten, also Wildwuchs regelm\u00e4\u00dfig entfernt werden, damit die neue Eiche genug Licht erh\u00e4lt. Dazu hat der Landkreis Ebersberg eigens einen 903 Quadratmeter gro\u00dfen Bereich um das Naturdenkmal herum erworben. Dennoch erscheint es eher unwahrscheinlich, dass die Nachfolger-Eiche auch eines Tages 1.000-J\u00e4hriges feiern darf.<\/p>\n<figure id=\"attachment_873\" aria-describedby=\"caption-attachment-873\" style=\"width: 580px\" class=\"wp-caption alignnone\"><a href=\"https:\/\/www.mystisch.net\/blog\/wp-content\/uploads\/2024\/07\/IMG_1594-Verbessert-RR.jpg\"><img loading=\"lazy\" decoding=\"async\" class=\"size-large wp-image-873\" src=\"https:\/\/www.mystisch.net\/blog\/wp-content\/uploads\/2024\/07\/IMG_1594-Verbessert-RR-1024x768.jpg\" alt=\"Die K\u00f6nigseiche bei Moosach (Grafing)\" width=\"580\" height=\"435\" srcset=\"https:\/\/www.mystisch.net\/blog\/wp-content\/uploads\/2024\/07\/IMG_1594-Verbessert-RR-1024x768.jpg 1024w, https:\/\/www.mystisch.net\/blog\/wp-content\/uploads\/2024\/07\/IMG_1594-Verbessert-RR-300x225.jpg 300w, https:\/\/www.mystisch.net\/blog\/wp-content\/uploads\/2024\/07\/IMG_1594-Verbessert-RR-768x576.jpg 768w, https:\/\/www.mystisch.net\/blog\/wp-content\/uploads\/2024\/07\/IMG_1594-Verbessert-RR-1536x1152.jpg 1536w, https:\/\/www.mystisch.net\/blog\/wp-content\/uploads\/2024\/07\/IMG_1594-Verbessert-RR-2048x1536.jpg 2048w, https:\/\/www.mystisch.net\/blog\/wp-content\/uploads\/2024\/07\/IMG_1594-Verbessert-RR-1200x900.jpg 1200w, https:\/\/www.mystisch.net\/blog\/wp-content\/uploads\/2024\/07\/IMG_1594-Verbessert-RR-1980x1485.jpg 1980w\" sizes=\"auto, (max-width: 580px) 100vw, 580px\" \/><\/a><figcaption id=\"caption-attachment-873\" class=\"wp-caption-text\">Naturdenkmal K\u00f6nigseiche. Deutlich \u2026 (18.07.2014) \u00a9 Thomas Irlbeck<\/figcaption><\/figure>\n<figure id=\"attachment_874\" aria-describedby=\"caption-attachment-874\" style=\"width: 580px\" class=\"wp-caption alignnone\"><a href=\"https:\/\/www.mystisch.net\/blog\/wp-content\/uploads\/2024\/07\/IMG_1596-Verbessert-RR.jpg\"><img loading=\"lazy\" decoding=\"async\" class=\"size-large wp-image-874\" src=\"https:\/\/www.mystisch.net\/blog\/wp-content\/uploads\/2024\/07\/IMG_1596-Verbessert-RR-1024x768.jpg\" alt=\"Die K\u00f6nigseiche bei Moosach (Grafing)\" width=\"580\" height=\"435\" srcset=\"https:\/\/www.mystisch.net\/blog\/wp-content\/uploads\/2024\/07\/IMG_1596-Verbessert-RR-1024x768.jpg 1024w, https:\/\/www.mystisch.net\/blog\/wp-content\/uploads\/2024\/07\/IMG_1596-Verbessert-RR-300x225.jpg 300w, https:\/\/www.mystisch.net\/blog\/wp-content\/uploads\/2024\/07\/IMG_1596-Verbessert-RR-768x576.jpg 768w, https:\/\/www.mystisch.net\/blog\/wp-content\/uploads\/2024\/07\/IMG_1596-Verbessert-RR-1536x1152.jpg 1536w, https:\/\/www.mystisch.net\/blog\/wp-content\/uploads\/2024\/07\/IMG_1596-Verbessert-RR-2048x1536.jpg 2048w, https:\/\/www.mystisch.net\/blog\/wp-content\/uploads\/2024\/07\/IMG_1596-Verbessert-RR-1200x900.jpg 1200w, https:\/\/www.mystisch.net\/blog\/wp-content\/uploads\/2024\/07\/IMG_1596-Verbessert-RR-1980x1485.jpg 1980w\" sizes=\"auto, (max-width: 580px) 100vw, 580px\" \/><\/a><figcaption id=\"caption-attachment-874\" class=\"wp-caption-text\">\u2026 lassen sich die Originalst\u00fccke \u2026 (18.07.2014) \u00a9 Thomas Irlbeck<\/figcaption><\/figure>\n<figure id=\"attachment_875\" aria-describedby=\"caption-attachment-875\" style=\"width: 580px\" class=\"wp-caption alignnone\"><a href=\"https:\/\/www.mystisch.net\/blog\/wp-content\/uploads\/2024\/07\/IMG_1597-Verbessert-RR.jpg\"><img loading=\"lazy\" decoding=\"async\" class=\"size-large wp-image-875\" src=\"https:\/\/www.mystisch.net\/blog\/wp-content\/uploads\/2024\/07\/IMG_1597-Verbessert-RR-1024x768.jpg\" alt=\"Die K\u00f6nigseiche bei Moosach (Grafing)\" width=\"580\" height=\"435\" srcset=\"https:\/\/www.mystisch.net\/blog\/wp-content\/uploads\/2024\/07\/IMG_1597-Verbessert-RR-1024x768.jpg 1024w, https:\/\/www.mystisch.net\/blog\/wp-content\/uploads\/2024\/07\/IMG_1597-Verbessert-RR-300x225.jpg 300w, https:\/\/www.mystisch.net\/blog\/wp-content\/uploads\/2024\/07\/IMG_1597-Verbessert-RR-768x576.jpg 768w, https:\/\/www.mystisch.net\/blog\/wp-content\/uploads\/2024\/07\/IMG_1597-Verbessert-RR-1536x1152.jpg 1536w, https:\/\/www.mystisch.net\/blog\/wp-content\/uploads\/2024\/07\/IMG_1597-Verbessert-RR-2048x1536.jpg 2048w, https:\/\/www.mystisch.net\/blog\/wp-content\/uploads\/2024\/07\/IMG_1597-Verbessert-RR-1200x900.jpg 1200w, https:\/\/www.mystisch.net\/blog\/wp-content\/uploads\/2024\/07\/IMG_1597-Verbessert-RR-1980x1485.jpg 1980w\" sizes=\"auto, (max-width: 580px) 100vw, 580px\" \/><\/a><figcaption id=\"caption-attachment-875\" class=\"wp-caption-text\">\u2026 der K\u00f6nigseiche erkennen (18.07.2014) \u00a9 Thomas Irlbeck<\/figcaption><\/figure>\n<figure id=\"attachment_876\" aria-describedby=\"caption-attachment-876\" style=\"width: 580px\" class=\"wp-caption alignnone\"><a href=\"https:\/\/www.mystisch.net\/blog\/wp-content\/uploads\/2024\/07\/IMG_1589-Verbessert-RR.jpg\"><img loading=\"lazy\" decoding=\"async\" class=\"size-large wp-image-876\" src=\"https:\/\/www.mystisch.net\/blog\/wp-content\/uploads\/2024\/07\/IMG_1589-Verbessert-RR-1024x768.jpg\" alt=\"Die K\u00f6nigseiche bei Moosach (Grafing)\" width=\"580\" height=\"435\" srcset=\"https:\/\/www.mystisch.net\/blog\/wp-content\/uploads\/2024\/07\/IMG_1589-Verbessert-RR-1024x768.jpg 1024w, https:\/\/www.mystisch.net\/blog\/wp-content\/uploads\/2024\/07\/IMG_1589-Verbessert-RR-300x225.jpg 300w, https:\/\/www.mystisch.net\/blog\/wp-content\/uploads\/2024\/07\/IMG_1589-Verbessert-RR-768x576.jpg 768w, https:\/\/www.mystisch.net\/blog\/wp-content\/uploads\/2024\/07\/IMG_1589-Verbessert-RR-1536x1152.jpg 1536w, https:\/\/www.mystisch.net\/blog\/wp-content\/uploads\/2024\/07\/IMG_1589-Verbessert-RR-2048x1536.jpg 2048w, https:\/\/www.mystisch.net\/blog\/wp-content\/uploads\/2024\/07\/IMG_1589-Verbessert-RR-1200x900.jpg 1200w, https:\/\/www.mystisch.net\/blog\/wp-content\/uploads\/2024\/07\/IMG_1589-Verbessert-RR-1980x1485.jpg 1980w\" sizes=\"auto, (max-width: 580px) 100vw, 580px\" \/><\/a><figcaption id=\"caption-attachment-876\" class=\"wp-caption-text\">K\u00f6nigseiche Neupflanzung (18.07.2014) \u00a9 Thomas Irlbeck<\/figcaption><\/figure>\n<h3>Trivia<\/h3>\n<h4>Blitzableiter<\/h4>\n<p>Der Baum verf\u00fcgte \u00fcber einen Blitzableiter. Auch wenn das jetzt kurios erscheinen mag, bei Mammutb\u00e4umen ist eine solche Einrichtung nicht un\u00fcblich.<\/p>\n<h4>Verschwundene Neupflanzung<\/h4>\n<p>Laut einem <a href=\"https:\/\/www.merkur-online.de\/lokales\/ebersberg\/landkreis\/verschwundene-eiche-1550003.html\" target=\"_blank\" rel=\"noopener noreferrer\">Bericht des M\u00fcnchner Merkur<\/a> wurde bereits 1990 eine neue Eiche gepflanzt und eine Gedenktafel angebracht. Im Fr\u00fchjahr 2011 stellte man dann fest, dass der Baum verschwunden ist. Es wird vermutet, dass ein Arbeitstrupp den Baum versehentlich beseitigt hat.<\/p>\n","protected":false},"excerpt":{"rendered":"<p>Bereits 2013 kam ich an diesem seltsam erscheinenden Objekt vorbei, das sich unweit von Moosach bei Grafing befindet. Es sind aufrechte Holzpf\u00e4hle und Holzst\u00fccke, teilweise mit l\u00e4nglichen Metallplatten verbunden, die in einem riesigen Kreis angeordnet sind. Was soll dies darstellen? Eine Kultst\u00e4tte? Ein Kunstwerk? Ich kam nicht darauf, aber schoss ein Foto. Vermutlich l\u00e4sst sich [&hellip;]<\/p>\n","protected":false},"author":1,"featured_media":0,"comment_status":"open","ping_status":"open","sticky":false,"template":"","format":"standard","meta":{"footnotes":""},"categories":[80,25,209],"tags":[86,42,361,360],"class_list":["post-870","post","type-post","status-publish","format-standard","hentry","category-besondere-baeume-und-pflanzen","category-denkmal","category-aussichtspunkte","tag-eiche","tag-glonn-bei-grafing","tag-koenigseiche","tag-moosach-bei-grafing"],"_links":{"self":[{"href":"https:\/\/www.mystisch.net\/blog\/wp-json\/wp\/v2\/posts\/870","targetHints":{"allow":["GET"]}}],"collection":[{"href":"https:\/\/www.mystisch.net\/blog\/wp-json\/wp\/v2\/posts"}],"about":[{"href":"https:\/\/www.mystisch.net\/blog\/wp-json\/wp\/v2\/types\/post"}],"author":[{"embeddable":true,"href":"https:\/\/www.mystisch.net\/blog\/wp-json\/wp\/v2\/users\/1"}],"replies":[{"embeddable":true,"href":"https:\/\/www.mystisch.net\/blog\/wp-json\/wp\/v2\/comments?post=870"}],"version-history":[{"count":0,"href":"https:\/\/www.mystisch.net\/blog\/wp-json\/wp\/v2\/posts\/870\/revisions"}],"wp:attachment":[{"href":"https:\/\/www.mystisch.net\/blog\/wp-json\/wp\/v2\/media?parent=870"}],"wp:term":[{"taxonomy":"category","embeddable":true,"href":"https:\/\/www.mystisch.net\/blog\/wp-json\/wp\/v2\/categories?post=870"},{"taxonomy":"post_tag","embeddable":true,"href":"https:\/\/www.mystisch.net\/blog\/wp-json\/wp\/v2\/tags?post=870"}],"curies":[{"name":"wp","href":"https:\/\/api.w.org\/{rel}","templated":true}]}}